{"id":710,"date":"2015-12-17T14:07:45","date_gmt":"2015-12-17T13:07:45","guid":{"rendered":"https:\/\/blog.artsaucarre.be\/theatre\/?p=710"},"modified":"2020-10-21T13:42:48","modified_gmt":"2020-10-21T12:42:48","slug":"le-courrier-des-enfants","status":"publish","type":"post","link":"https:\/\/blog.artsaucarre.be\/theatre\/2015\/12\/17\/le-courrier-des-enfants\/","title":{"rendered":"Le Courrier des enfants"},"content":{"rendered":"<h2>\u00ab\u00a0Le courrier des enfants\u00a0\u00bb, mis en sc\u00e8ne par Sabine Durand, se jouera le 26 d\u00e9cembre 2015 au <a href=\"http:\/\/www.atjv.be\/Le-Courrier-des-enfants\" target=\"_blank\">Th\u00e9\u00e2tre du Blocry<\/a> \u00e0 11h30 et 15h ainsi que le 30 d\u00e9cembre \u00e0 l&rsquo;<a href=\"www.senghor.be\" target=\"_blank\">Espace Senghor<\/a> \u00e0 16h.<\/h2>\n<p><a href=\"https:\/\/blog.artsaucarre.be\/theatre\/files\/2015\/12\/courrier-des-enfants3\u00a9Daniele-Pierre.jpg\"><img loading=\"lazy\" decoding=\"async\" class=\"alignnone size-full wp-image-711\" src=\"https:\/\/blog.artsaucarre.be\/theatre\/files\/2015\/12\/courrier-des-enfants3\u00a9Daniele-Pierre.jpg\" alt=\"courrier-des-enfants3\u00a9Daniele-Pierre\" width=\"601\" height=\"400\" srcset=\"https:\/\/blog.artsaucarre.be\/theatre\/files\/2015\/12\/courrier-des-enfants3\u00a9Daniele-Pierre.jpg 601w, https:\/\/blog.artsaucarre.be\/theatre\/files\/2015\/12\/courrier-des-enfants3\u00a9Daniele-Pierre-300x199.jpg 300w, https:\/\/blog.artsaucarre.be\/theatre\/files\/2015\/12\/courrier-des-enfants3\u00a9Daniele-Pierre-210x139.jpg 210w\" sizes=\"auto, (max-width: 601px) 100vw, 601px\" \/><\/a><\/p>\n<blockquote><p><em>Au d\u00e9part, il y a le spectacle Le Bureau des Histoires au terme duquel les com\u00e9diens invitent les enfants-spectateurs \u00e0 leur \u00e9crire, avec promesse de leur r\u00e9pondre. Un courrier, extr\u00eamement abondant et \u00e9tonnant, a d\u00e9ferl\u00e9 suite \u00e0 cette invitation et la t\u00e2che d\u2019y r\u00e9pondre n\u2019a pas \u00e9t\u00e9 de tout repos.<\/em><br \/>\n<em> Lettres de f\u00e9licitations, d\u2019amour ou de r\u00e9clamation, dessins, cartes postales, demandes et propositions de nouvelles histoires, petits bricolages-cadeaux, envoy\u00e9s de l\u2019\u00e9cole, de la maison&#8230; Enveloppes extraordinaires, \u00e9criture t\u00e2tonnante et appliqu\u00e9e, orthographe improbable&#8230;<\/em><br \/>\n<em> Chaque lettre comme une petite pochette surprise. Une mati\u00e8re incroyablement riche et vari\u00e9e, surprenante, parfois insolite, parfois \u00e9mouvante, toujours tr\u00e8s tendre.<\/em><br \/>\n<em> Des textes, des dessins qui laissent entrevoir ce qui se passe dans la t\u00eate d\u2019un enfant avant, pendant et apr\u00e8s le spectacle. Qui posent la question du lien cr\u00e9\u00e9 avec le spectateur le temps d\u2019une repr\u00e9sentation.<\/em><br \/>\n<em> Petits mots perdus sur de grandes feuilles de classeur \u00e0 carreaux, ou \u00e9crit sur du papier \u00e0 lettres ornement\u00e9 de fleurs, de coeurs ou de papillons&#8230;<\/em><br \/>\n<em> \u201cDes lettres pour r\u00eaver\u201d nous \u00e9crit un petit gar\u00e7on pr\u00e8s de Nantes.<\/em><br \/>\n<em> Des lettres pour rire et pleurer. Des lettres \u00e0 partager sans compter.<\/em><\/p><\/blockquote>\n<h2><a href=\"http:\/\/pro.theatredutilleul.be\/CE_DossierDePresse_140927.pdf\" target=\"_blank\">Revue de presse<\/a><\/h2>\n<h2><strong>Un spectacle du Th\u00e9\u00e2tre du Tilleul<\/strong><\/h2>\n<p><strong>Conception et \u00e9criture du spectacle<\/strong><br \/>\nCarine Ermans et\u00a0Sylvain Geoffray<br \/>\n<strong>Sur une id\u00e9e de<\/strong><br \/>\nCarine Ermans<br \/>\n<strong>Mise en sc\u00e8ne<\/strong><br \/>\nSabine Durand<br \/>\n<strong>Avec<\/strong><br \/>\nCarine Ermans,\u00a0Sylvain Geoffray,\u00a0Benjamin van Thiel et\u00a0Alain Gilbert<br \/>\n<strong>Conseil dramaturgique<\/strong><br \/>\nLouis-Dominique Lavigne<br \/>\n<strong>Musique<\/strong><br \/>\nAlain Gilbert<br \/>\n<strong>Films d&rsquo;animation<\/strong><br \/>\nPatrick Theunen et\u00a0l&rsquo;Atelier de production Graphoui<br \/>\n<strong>Sc\u00e9nographie &#8211; lumi\u00e8re &#8211; vid\u00e9o<\/strong><br \/>\nMark Elst et\u00a0Benjamin van Thiel<br \/>\n<strong>Costumes<\/strong><br \/>\nSylvia Hasenclever<br \/>\n<strong>Inventaire du courrier<\/strong><br \/>\nEric Dederen<\/p>\n","protected":false},"excerpt":{"rendered":"<p>\u00ab\u00a0Le courrier des enfants\u00a0\u00bb, mis en sc\u00e8ne par Sabine Durand, se jouera le 26 d\u00e9cembre 2015 au Th\u00e9\u00e2tre du Blocry \u00e0 11h30 et 15h ainsi que le 30 d\u00e9cembre \u00e0 l&rsquo;Espace Senghor \u00e0 16h. Au d\u00e9part, il y a le<\/p>\n","protected":false},"author":39,"featured_media":712,"comment_status":"closed","ping_status":"closed","sticky":false,"template":"","format":"standard","meta":{"footnotes":""},"categories":[23],"tags":[],"class_list":["post-710","post","type-post","status-publish","format-standard","has-post-thumbnail","hentry","category-spectacles-intervenants"],"_links":{"self":[{"href":"https:\/\/blog.artsaucarre.be\/theatre\/wp-json\/wp\/v2\/posts\/710","targetHints":{"allow":["GET"]}}],"collection":[{"href":"https:\/\/blog.artsaucarre.be\/theatre\/wp-json\/wp\/v2\/posts"}],"about":[{"href":"https:\/\/blog.artsaucarre.be\/theatre\/wp-json\/wp\/v2\/types\/post"}],"author":[{"embeddable":true,"href":"https:\/\/blog.artsaucarre.be\/theatre\/wp-json\/wp\/v2\/users\/39"}],"replies":[{"embeddable":true,"href":"https:\/\/blog.artsaucarre.be\/theatre\/wp-json\/wp\/v2\/comments?post=710"}],"version-history":[{"count":2,"href":"https:\/\/blog.artsaucarre.be\/theatre\/wp-json\/wp\/v2\/posts\/710\/revisions"}],"predecessor-version":[{"id":714,"href":"https:\/\/blog.artsaucarre.be\/theatre\/wp-json\/wp\/v2\/posts\/710\/revisions\/714"}],"wp:featuredmedia":[{"embeddable":true,"href":"https:\/\/blog.artsaucarre.be\/theatre\/wp-json\/wp\/v2\/media\/712"}],"wp:attachment":[{"href":"https:\/\/blog.artsaucarre.be\/theatre\/wp-json\/wp\/v2\/media?parent=710"}],"wp:term":[{"taxonomy":"category","embeddable":true,"href":"https:\/\/blog.artsaucarre.be\/theatre\/wp-json\/wp\/v2\/categories?post=710"},{"taxonomy":"post_tag","embeddable":true,"href":"https:\/\/blog.artsaucarre.be\/theatre\/wp-json\/wp\/v2\/tags?post=710"}],"curies":[{"name":"wp","href":"https:\/\/api.w.org\/{rel}","templated":true}]}}