{"id":805,"date":"2017-05-31T13:05:00","date_gmt":"2017-05-31T12:05:00","guid":{"rendered":"https:\/\/blog.artsaucarre.be\/peinture\/?p=805"},"modified":"2017-05-31T13:05:00","modified_gmt":"2017-05-31T12:05:00","slug":"tanger-2017","status":"publish","type":"post","link":"https:\/\/blog.artsaucarre.be\/peinture\/2017\/05\/31\/tanger-2017\/","title":{"rendered":"TANGER 2017"},"content":{"rendered":"<p><img loading=\"lazy\" decoding=\"async\" class=\"aligncenter size-full wp-image-812\" src=\"https:\/\/blog.artsaucarre.be\/peinture\/files\/2017\/05\/Quentin-CallensTissage-urbain-photographies-mars-2017.jpg\" alt=\"Quentin-Callens,Tissage-urbain,-photographies,-mars-2017\" width=\"850\" height=\"567\" srcset=\"https:\/\/blog.artsaucarre.be\/peinture\/files\/2017\/05\/Quentin-CallensTissage-urbain-photographies-mars-2017.jpg 850w, https:\/\/blog.artsaucarre.be\/peinture\/files\/2017\/05\/Quentin-CallensTissage-urbain-photographies-mars-2017-300x200.jpg 300w, https:\/\/blog.artsaucarre.be\/peinture\/files\/2017\/05\/Quentin-CallensTissage-urbain-photographies-mars-2017-768x512.jpg 768w, https:\/\/blog.artsaucarre.be\/peinture\/files\/2017\/05\/Quentin-CallensTissage-urbain-photographies-mars-2017-210x140.jpg 210w\" sizes=\"auto, (max-width: 850px) 100vw, 850px\" \/><\/p>\n<p>WORKSHOP <i>D\u00e9troit(s),\u00a0<\/i> du 26 mars au 5 avril 2017, Tanger (Maroc)<\/p>\n<p><i>\u00ab\u00a0Le d\u00e9troit marque une limite, appelle un ailleurs, ouvre des possibles\u2026\u00bb<\/i><\/p>\n<p>Avec la participation de 10 \u00e9tudiants\u00a0: Louison Wauters, Manon Legrand, Silvia Gigliotti, Quentin Callens, Arnaud Clerbois, Jonathan Ordonez-Noirfalise, Charlotte Cuny, Emilie Salik, Laura Verhaeghe, In\u00e8s Gauquier, Ana\u00efs Grumieaux (invit\u00e9e)<\/p>\n<p>Tanger, est le symbole m\u00eame, par sa position au bord d\u2019un d\u00e9troit et entre deux continents, de ces lieux o\u00f9 le passage et les \u00e9changes se font, o\u00f9 se mixent les imaginaires et les affleurements du r\u00e9el. V\u00e9ritable territoire de migrations plurielles (nationales, continentales, intercontinentales, artistiques,\u2026), il a \u00e9t\u00e9 demand\u00e9 aux \u00e9tudiants d\u2019approcher le lieu dans sa complexit\u00e9 \u00e0 travers divers axes de r\u00e9flexion: g\u00e9ographique, historique, artistique, culturel, social ou\/et soci\u00e9tal.<\/p>\n<p>Coordination : B\u00e9n\u00e9dicte Henderick et Didier Mahieu<\/p>\n<p><img loading=\"lazy\" decoding=\"async\" class=\"wp-image-833 size-medium alignleft\" src=\"https:\/\/blog.artsaucarre.be\/peinture\/files\/2017\/05\/image029-300x220.jpg\" alt=\"image029\" width=\"300\" height=\"220\" srcset=\"https:\/\/blog.artsaucarre.be\/peinture\/files\/2017\/05\/image029-300x220.jpg 300w, https:\/\/blog.artsaucarre.be\/peinture\/files\/2017\/05\/image029-210x154.jpg 210w, https:\/\/blog.artsaucarre.be\/peinture\/files\/2017\/05\/image029.jpg 556w\" sizes=\"auto, (max-width: 300px) 100vw, 300px\" \/><\/p>\n<p><img loading=\"lazy\" decoding=\"async\" class=\"wp-image-836 size-medium alignnone\" src=\"https:\/\/blog.artsaucarre.be\/peinture\/files\/2017\/05\/image030-300x203.jpg\" alt=\"image030\" width=\"300\" height=\"203\" srcset=\"https:\/\/blog.artsaucarre.be\/peinture\/files\/2017\/05\/image030-300x203.jpg 300w, https:\/\/blog.artsaucarre.be\/peinture\/files\/2017\/05\/image030-210x142.jpg 210w, https:\/\/blog.artsaucarre.be\/peinture\/files\/2017\/05\/image030.jpg 600w\" sizes=\"auto, (max-width: 300px) 100vw, 300px\" \/><\/p>\n<p><img loading=\"lazy\" decoding=\"async\" class=\"wp-image-843 size-medium alignnone\" src=\"https:\/\/blog.artsaucarre.be\/peinture\/files\/2017\/05\/image032-300x201.jpg\" alt=\"image032\" width=\"300\" height=\"201\" srcset=\"https:\/\/blog.artsaucarre.be\/peinture\/files\/2017\/05\/image032-300x201.jpg 300w, https:\/\/blog.artsaucarre.be\/peinture\/files\/2017\/05\/image032-210x140.jpg 210w, https:\/\/blog.artsaucarre.be\/peinture\/files\/2017\/05\/image032.jpg 600w\" sizes=\"auto, (max-width: 300px) 100vw, 300px\" \/>\u00a0\u00a0<img loading=\"lazy\" decoding=\"async\" class=\"wp-image-839 size-medium alignnone\" src=\"https:\/\/blog.artsaucarre.be\/peinture\/files\/2017\/05\/image031-300x204.jpg\" alt=\"image031\" width=\"300\" height=\"204\" srcset=\"https:\/\/blog.artsaucarre.be\/peinture\/files\/2017\/05\/image031-300x204.jpg 300w, https:\/\/blog.artsaucarre.be\/peinture\/files\/2017\/05\/image031-210x143.jpg 210w, https:\/\/blog.artsaucarre.be\/peinture\/files\/2017\/05\/image031.jpg 600w\" sizes=\"auto, (max-width: 300px) 100vw, 300px\" \/><\/p>\n<p>&nbsp;<\/p>\n<p><img loading=\"lazy\" decoding=\"async\" class=\"size-full wp-image-852 alignleft\" src=\"https:\/\/blog.artsaucarre.be\/peinture\/files\/2017\/05\/image028.jpg\" alt=\"image028\" width=\"600\" height=\"407\" srcset=\"https:\/\/blog.artsaucarre.be\/peinture\/files\/2017\/05\/image028.jpg 600w, https:\/\/blog.artsaucarre.be\/peinture\/files\/2017\/05\/image028-300x204.jpg 300w, https:\/\/blog.artsaucarre.be\/peinture\/files\/2017\/05\/image028-210x142.jpg 210w\" sizes=\"auto, (max-width: 600px) 100vw, 600px\" \/><\/p>\n<p>&nbsp;<\/p>\n<p>&nbsp;<\/p>\n<p>&nbsp;<\/p>\n<p><img loading=\"lazy\" decoding=\"async\" class=\"wp-image-864 size-medium alignleft\" src=\"https:\/\/blog.artsaucarre.be\/peinture\/files\/2017\/05\/Paysages-Nomades16-300x226.jpg\" alt=\"Paysages-Nomades16\" width=\"300\" height=\"226\" srcset=\"https:\/\/blog.artsaucarre.be\/peinture\/files\/2017\/05\/Paysages-Nomades16-300x226.jpg 300w, https:\/\/blog.artsaucarre.be\/peinture\/files\/2017\/05\/Paysages-Nomades16-210x158.jpg 210w, https:\/\/blog.artsaucarre.be\/peinture\/files\/2017\/05\/Paysages-Nomades16.jpg 600w\" sizes=\"auto, (max-width: 300px) 100vw, 300px\" \/><img loading=\"lazy\" decoding=\"async\" class=\"alignnone wp-image-866 size-medium\" src=\"https:\/\/blog.artsaucarre.be\/peinture\/files\/2017\/05\/Paysages-Nomades-13-300x225.jpg\" alt=\"Paysages-Nomades-13\" width=\"300\" height=\"225\" srcset=\"https:\/\/blog.artsaucarre.be\/peinture\/files\/2017\/05\/Paysages-Nomades-13-300x225.jpg 300w, https:\/\/blog.artsaucarre.be\/peinture\/files\/2017\/05\/Paysages-Nomades-13-210x158.jpg 210w, https:\/\/blog.artsaucarre.be\/peinture\/files\/2017\/05\/Paysages-Nomades-13.jpg 600w\" sizes=\"auto, (max-width: 300px) 100vw, 300px\" \/><img loading=\"lazy\" decoding=\"async\" class=\"alignleft wp-image-869 size-medium\" src=\"https:\/\/blog.artsaucarre.be\/peinture\/files\/2017\/05\/Paysages-Nomades-12-300x225.jpg\" alt=\"Paysages-Nomades-12\" width=\"300\" height=\"225\" srcset=\"https:\/\/blog.artsaucarre.be\/peinture\/files\/2017\/05\/Paysages-Nomades-12-300x225.jpg 300w, https:\/\/blog.artsaucarre.be\/peinture\/files\/2017\/05\/Paysages-Nomades-12-210x158.jpg 210w, https:\/\/blog.artsaucarre.be\/peinture\/files\/2017\/05\/Paysages-Nomades-12.jpg 600w\" sizes=\"auto, (max-width: 300px) 100vw, 300px\" \/><img loading=\"lazy\" decoding=\"async\" class=\"alignnone wp-image-870 size-medium\" src=\"https:\/\/blog.artsaucarre.be\/peinture\/files\/2017\/05\/Paysages-Nomades-6-300x225.jpg\" alt=\"Paysages-Nomades-6\" width=\"300\" height=\"225\" srcset=\"https:\/\/blog.artsaucarre.be\/peinture\/files\/2017\/05\/Paysages-Nomades-6-300x225.jpg 300w, https:\/\/blog.artsaucarre.be\/peinture\/files\/2017\/05\/Paysages-Nomades-6-210x158.jpg 210w, https:\/\/blog.artsaucarre.be\/peinture\/files\/2017\/05\/Paysages-Nomades-6.jpg 600w\" sizes=\"auto, (max-width: 300px) 100vw, 300px\" \/><img loading=\"lazy\" decoding=\"async\" class=\"aligncenter size-full wp-image-872\" src=\"https:\/\/blog.artsaucarre.be\/peinture\/files\/2017\/05\/Manon7-1.jpg\" alt=\"Manon7\" width=\"600\" height=\"829\" srcset=\"https:\/\/blog.artsaucarre.be\/peinture\/files\/2017\/05\/Manon7-1.jpg 600w, https:\/\/blog.artsaucarre.be\/peinture\/files\/2017\/05\/Manon7-1-217x300.jpg 217w, https:\/\/blog.artsaucarre.be\/peinture\/files\/2017\/05\/Manon7-1-210x290.jpg 210w\" sizes=\"auto, (max-width: 600px) 100vw, 600px\" \/><img loading=\"lazy\" decoding=\"async\" class=\"aligncenter size-full wp-image-814\" src=\"https:\/\/blog.artsaucarre.be\/peinture\/files\/2017\/05\/IMG_0080.jpg\" alt=\"IMG_0080\" width=\"850\" height=\"567\" srcset=\"https:\/\/blog.artsaucarre.be\/peinture\/files\/2017\/05\/IMG_0080.jpg 850w, https:\/\/blog.artsaucarre.be\/peinture\/files\/2017\/05\/IMG_0080-300x200.jpg 300w, https:\/\/blog.artsaucarre.be\/peinture\/files\/2017\/05\/IMG_0080-768x512.jpg 768w, https:\/\/blog.artsaucarre.be\/peinture\/files\/2017\/05\/IMG_0080-210x140.jpg 210w\" sizes=\"auto, (max-width: 850px) 100vw, 850px\" \/><\/p>\n<p>&nbsp;<\/p>\n<p>&nbsp;<\/p>\n<p>&nbsp;<\/p>\n","protected":false},"excerpt":{"rendered":"<p>WORKSHOP D\u00e9troit(s),\u00a0 du 26 mars au 5 avril 2017, Tanger (Maroc) \u00ab\u00a0Le d\u00e9troit marque une limite, appelle un ailleurs, ouvre des possibles\u2026\u00bb Avec la participation de 10 \u00e9tudiants\u00a0: Louison Wauters, Manon Legrand, Silvia Gigliotti, Quentin Callens, Arnaud Clerbois, Jonathan Ordonez-Noirfalise,<\/p>\n","protected":false},"author":45,"featured_media":812,"comment_status":"closed","ping_status":"closed","sticky":false,"template":"","format":"standard","meta":{"footnotes":""},"categories":[3],"tags":[],"class_list":["post-805","post","type-post","status-publish","format-standard","has-post-thumbnail","hentry","category-activites"],"_links":{"self":[{"href":"https:\/\/blog.artsaucarre.be\/peinture\/wp-json\/wp\/v2\/posts\/805","targetHints":{"allow":["GET"]}}],"collection":[{"href":"https:\/\/blog.artsaucarre.be\/peinture\/wp-json\/wp\/v2\/posts"}],"about":[{"href":"https:\/\/blog.artsaucarre.be\/peinture\/wp-json\/wp\/v2\/types\/post"}],"author":[{"embeddable":true,"href":"https:\/\/blog.artsaucarre.be\/peinture\/wp-json\/wp\/v2\/users\/45"}],"replies":[{"embeddable":true,"href":"https:\/\/blog.artsaucarre.be\/peinture\/wp-json\/wp\/v2\/comments?post=805"}],"version-history":[{"count":45,"href":"https:\/\/blog.artsaucarre.be\/peinture\/wp-json\/wp\/v2\/posts\/805\/revisions"}],"predecessor-version":[{"id":876,"href":"https:\/\/blog.artsaucarre.be\/peinture\/wp-json\/wp\/v2\/posts\/805\/revisions\/876"}],"wp:featuredmedia":[{"embeddable":true,"href":"https:\/\/blog.artsaucarre.be\/peinture\/wp-json\/wp\/v2\/media\/812"}],"wp:attachment":[{"href":"https:\/\/blog.artsaucarre.be\/peinture\/wp-json\/wp\/v2\/media?parent=805"}],"wp:term":[{"taxonomy":"category","embeddable":true,"href":"https:\/\/blog.artsaucarre.be\/peinture\/wp-json\/wp\/v2\/categories?post=805"},{"taxonomy":"post_tag","embeddable":true,"href":"https:\/\/blog.artsaucarre.be\/peinture\/wp-json\/wp\/v2\/tags?post=805"}],"curies":[{"name":"wp","href":"https:\/\/api.w.org\/{rel}","templated":true}]}}