{"id":1200,"date":"2020-02-18T15:51:01","date_gmt":"2020-02-18T14:51:01","guid":{"rendered":"https:\/\/blog.artsaucarre.be\/peinture\/?p=1200"},"modified":"2020-02-18T16:05:40","modified_gmt":"2020-02-18T15:05:40","slug":"prix-jean-et-irene-ransy-2020-romina-remmo","status":"publish","type":"post","link":"https:\/\/blog.artsaucarre.be\/peinture\/2020\/02\/18\/prix-jean-et-irene-ransy-2020-romina-remmo\/","title":{"rendered":"Prix Jean et Ir\u00e8ne Ransy 2020 &#8211; Romina Remmo"},"content":{"rendered":"<p>Romina Remmo, dipl\u00f4m\u00e9e en 2005 de l\u2019atelier de Peinture ARTS2 expose son travail dans le cadre du concours de peinture figurative Jean et Ir\u00e8ne Ransy 2020.<br \/>\nL\u2019exposition est visible dans Les Anciens Abattoirs De Mons jusqu\u2019au 16 f\u00e8vrier 2020.<\/p>\n<p><img loading=\"lazy\" decoding=\"async\" src=\"https:\/\/blog.artsaucarre.be\/peinture\/files\/2020\/02\/IMG_0180.jpg\" alt=\"IMG_0180\" width=\"453\" height=\"615\" class=\"aligncenter size-full wp-image-1202\" srcset=\"https:\/\/blog.artsaucarre.be\/peinture\/files\/2020\/02\/IMG_0180.jpg 453w, https:\/\/blog.artsaucarre.be\/peinture\/files\/2020\/02\/IMG_0180-221x300.jpg 221w, https:\/\/blog.artsaucarre.be\/peinture\/files\/2020\/02\/IMG_0180-210x285.jpg 210w\" sizes=\"auto, (max-width: 453px) 100vw, 453px\" \/><\/p>\n<p><img loading=\"lazy\" decoding=\"async\" src=\"https:\/\/blog.artsaucarre.be\/peinture\/files\/2020\/02\/IMG_0182.jpg\" alt=\"IMG_0182\" width=\"458\" height=\"623\" class=\"aligncenter size-full wp-image-1203\" srcset=\"https:\/\/blog.artsaucarre.be\/peinture\/files\/2020\/02\/IMG_0182.jpg 458w, https:\/\/blog.artsaucarre.be\/peinture\/files\/2020\/02\/IMG_0182-221x300.jpg 221w, https:\/\/blog.artsaucarre.be\/peinture\/files\/2020\/02\/IMG_0182-210x286.jpg 210w\" sizes=\"auto, (max-width: 458px) 100vw, 458px\" \/><\/p>\n<p><img loading=\"lazy\" decoding=\"async\" src=\"https:\/\/blog.artsaucarre.be\/peinture\/files\/2020\/02\/IMG_0184.jpg\" alt=\"IMG_0184\" width=\"640\" height=\"480\" class=\"aligncenter size-full wp-image-1204\" srcset=\"https:\/\/blog.artsaucarre.be\/peinture\/files\/2020\/02\/IMG_0184.jpg 640w, https:\/\/blog.artsaucarre.be\/peinture\/files\/2020\/02\/IMG_0184-300x225.jpg 300w, https:\/\/blog.artsaucarre.be\/peinture\/files\/2020\/02\/IMG_0184-210x158.jpg 210w\" sizes=\"auto, (max-width: 640px) 100vw, 640px\" \/><\/p>\n<p><img loading=\"lazy\" decoding=\"async\" src=\"https:\/\/blog.artsaucarre.be\/peinture\/files\/2020\/02\/IMG_0188.jpg\" alt=\"IMG_0188\" width=\"640\" height=\"480\" class=\"aligncenter size-full wp-image-1205\" srcset=\"https:\/\/blog.artsaucarre.be\/peinture\/files\/2020\/02\/IMG_0188.jpg 640w, https:\/\/blog.artsaucarre.be\/peinture\/files\/2020\/02\/IMG_0188-300x225.jpg 300w, https:\/\/blog.artsaucarre.be\/peinture\/files\/2020\/02\/IMG_0188-210x158.jpg 210w\" sizes=\"auto, (max-width: 640px) 100vw, 640px\" \/><\/p>\n<p><img loading=\"lazy\" decoding=\"async\" src=\"https:\/\/blog.artsaucarre.be\/peinture\/files\/2020\/02\/SAP_Ransy_Invitation-web-1.jpg\" alt=\"SAP_Ransy_Invitation-web-1\" width=\"400\" height=\"568\" class=\"aligncenter size-full wp-image-1206\" srcset=\"https:\/\/blog.artsaucarre.be\/peinture\/files\/2020\/02\/SAP_Ransy_Invitation-web-1.jpg 400w, https:\/\/blog.artsaucarre.be\/peinture\/files\/2020\/02\/SAP_Ransy_Invitation-web-1-211x300.jpg 211w, https:\/\/blog.artsaucarre.be\/peinture\/files\/2020\/02\/SAP_Ransy_Invitation-web-1-210x298.jpg 210w\" sizes=\"auto, (max-width: 400px) 100vw, 400px\" \/><\/p>\n","protected":false},"excerpt":{"rendered":"<p>Romina Remmo, dipl\u00f4m\u00e9e en 2005 de l\u2019atelier de Peinture ARTS2 expose son travail dans le cadre du concours de peinture figurative Jean et Ir\u00e8ne Ransy 2020. L\u2019exposition est visible dans Les Anciens Abattoirs De Mons jusqu\u2019au 16 f\u00e8vrier 2020.<\/p>\n","protected":false},"author":45,"featured_media":1209,"comment_status":"closed","ping_status":"closed","sticky":true,"template":"","format":"standard","meta":{"footnotes":""},"categories":[3],"tags":[],"class_list":["post-1200","post","type-post","status-publish","format-standard","has-post-thumbnail","hentry","category-activites"],"_links":{"self":[{"href":"https:\/\/blog.artsaucarre.be\/peinture\/wp-json\/wp\/v2\/posts\/1200","targetHints":{"allow":["GET"]}}],"collection":[{"href":"https:\/\/blog.artsaucarre.be\/peinture\/wp-json\/wp\/v2\/posts"}],"about":[{"href":"https:\/\/blog.artsaucarre.be\/peinture\/wp-json\/wp\/v2\/types\/post"}],"author":[{"embeddable":true,"href":"https:\/\/blog.artsaucarre.be\/peinture\/wp-json\/wp\/v2\/users\/45"}],"replies":[{"embeddable":true,"href":"https:\/\/blog.artsaucarre.be\/peinture\/wp-json\/wp\/v2\/comments?post=1200"}],"version-history":[{"count":7,"href":"https:\/\/blog.artsaucarre.be\/peinture\/wp-json\/wp\/v2\/posts\/1200\/revisions"}],"predecessor-version":[{"id":1213,"href":"https:\/\/blog.artsaucarre.be\/peinture\/wp-json\/wp\/v2\/posts\/1200\/revisions\/1213"}],"wp:featuredmedia":[{"embeddable":true,"href":"https:\/\/blog.artsaucarre.be\/peinture\/wp-json\/wp\/v2\/media\/1209"}],"wp:attachment":[{"href":"https:\/\/blog.artsaucarre.be\/peinture\/wp-json\/wp\/v2\/media?parent=1200"}],"wp:term":[{"taxonomy":"category","embeddable":true,"href":"https:\/\/blog.artsaucarre.be\/peinture\/wp-json\/wp\/v2\/categories?post=1200"},{"taxonomy":"post_tag","embeddable":true,"href":"https:\/\/blog.artsaucarre.be\/peinture\/wp-json\/wp\/v2\/tags?post=1200"}],"curies":[{"name":"wp","href":"https:\/\/api.w.org\/{rel}","templated":true}]}}