{"id":887,"date":"2015-04-14T09:08:53","date_gmt":"2015-04-14T08:08:53","guid":{"rendered":"https:\/\/blog.artsaucarre.be\/idm\/?p=887"},"modified":"2015-04-14T09:11:13","modified_gmt":"2015-04-14T08:11:13","slug":"nimporte-quoi-dautre","status":"publish","type":"post","link":"https:\/\/blog.artsaucarre.be\/idm\/nimporte-quoi-dautre\/","title":{"rendered":"N&rsquo;importe quoi d&rsquo;autre!"},"content":{"rendered":"<p><strong>Un week-end en folie!\u00a0<\/strong>Trois journ\u00e9es de performances \u00e0 la Maison Folie de Mons, pr\u00e9sent\u00e9es par ARTS\u00b2, \u00e9cole sup\u00e9rieure des arts (Arts visuels, Musique et Th\u00e9\u00e2tre).<\/p>\n<p>Plus de 50 performeurs, sur 8 sc\u00e8nes simultan\u00e9es !<\/p>\n<p>Entr\u00e9e gratuite<br \/>\nVen 06 mars: 18h-00h<br \/>\nSam 07 mars: 12h-00h<br \/>\nDim 08 mars: 12h-18h<\/p>\n<p>MAISON FOLIE MONS<br \/>\n<span style=\"line-height: 1.714285714;font-size: 1rem\">8, rue des Arbalestriers<br \/>\n<\/span><span style=\"line-height: 1.714285714;font-size: 1rem\">7000 MONS \u2013 Belgique<\/span><\/p>\n<p><a href=\"https:\/\/blog.artsaucarre.be\/idm\/files\/2015\/04\/10943756_781219228632592_3733093406898802111_o.jpg\"><img loading=\"lazy\" decoding=\"async\" class=\"aligncenter size-full wp-image-888\" src=\"https:\/\/blog.artsaucarre.be\/idm\/files\/2015\/04\/10943756_781219228632592_3733093406898802111_o.jpg\" alt=\"10943756_781219228632592_3733093406898802111_o\" width=\"886\" height=\"1279\" srcset=\"https:\/\/blog.artsaucarre.be\/idm\/files\/2015\/04\/10943756_781219228632592_3733093406898802111_o.jpg 886w, https:\/\/blog.artsaucarre.be\/idm\/files\/2015\/04\/10943756_781219228632592_3733093406898802111_o-207x300.jpg 207w, https:\/\/blog.artsaucarre.be\/idm\/files\/2015\/04\/10943756_781219228632592_3733093406898802111_o-709x1024.jpg 709w, https:\/\/blog.artsaucarre.be\/idm\/files\/2015\/04\/10943756_781219228632592_3733093406898802111_o-624x900.jpg 624w\" sizes=\"auto, (max-width: 886px) 100vw, 886px\" \/><\/a><\/p>\n<p>Photo de la performance \u00ab\u00a0Mes passagers noirs\u00a0\u00bb de Cynthia GODART, dipl\u00f4m\u00e9e d\u2019ARTS\u00b2, option Images dans le milieu (IDM)<\/p>\n","protected":false},"excerpt":{"rendered":"<p>Un week-end en folie!\u00a0Trois journ\u00e9es de performances \u00e0 la Maison Folie de Mons, pr\u00e9sent\u00e9es par ARTS\u00b2, \u00e9cole sup\u00e9rieure des arts (Arts visuels, Musique et Th\u00e9\u00e2tre). Plus de 50 performeurs, sur 8 sc\u00e8nes simultan\u00e9es ! Entr\u00e9e gratuite Ven 06 mars: 18h-00h Sam 07 mars: 12h-00h Dim 08 mars: 12h-18h MAISON FOLIE MONS 8, rue des Arbalestriers [&hellip;]<\/p>\n","protected":false},"author":10,"featured_media":0,"comment_status":"closed","ping_status":"closed","sticky":false,"template":"","format":"standard","meta":{"footnotes":""},"categories":[2,160,159,55],"tags":[103],"class_list":["post-887","post","type-post","status-publish","format-standard","hentry","category-actualites","category-archives-2014-2015-artistes-idm","category-archives-2014-2015-atelier-idm","category-artistes-idm-2","tag-etudiants-performance"],"_links":{"self":[{"href":"https:\/\/blog.artsaucarre.be\/idm\/wp-json\/wp\/v2\/posts\/887","targetHints":{"allow":["GET"]}}],"collection":[{"href":"https:\/\/blog.artsaucarre.be\/idm\/wp-json\/wp\/v2\/posts"}],"about":[{"href":"https:\/\/blog.artsaucarre.be\/idm\/wp-json\/wp\/v2\/types\/post"}],"author":[{"embeddable":true,"href":"https:\/\/blog.artsaucarre.be\/idm\/wp-json\/wp\/v2\/users\/10"}],"replies":[{"embeddable":true,"href":"https:\/\/blog.artsaucarre.be\/idm\/wp-json\/wp\/v2\/comments?post=887"}],"version-history":[{"count":3,"href":"https:\/\/blog.artsaucarre.be\/idm\/wp-json\/wp\/v2\/posts\/887\/revisions"}],"predecessor-version":[{"id":891,"href":"https:\/\/blog.artsaucarre.be\/idm\/wp-json\/wp\/v2\/posts\/887\/revisions\/891"}],"wp:attachment":[{"href":"https:\/\/blog.artsaucarre.be\/idm\/wp-json\/wp\/v2\/media?parent=887"}],"wp:term":[{"taxonomy":"category","embeddable":true,"href":"https:\/\/blog.artsaucarre.be\/idm\/wp-json\/wp\/v2\/categories?post=887"},{"taxonomy":"post_tag","embeddable":true,"href":"https:\/\/blog.artsaucarre.be\/idm\/wp-json\/wp\/v2\/tags?post=887"}],"curies":[{"name":"wp","href":"https:\/\/api.w.org\/{rel}","templated":true}]}}