{"id":883,"date":"2015-02-25T00:51:08","date_gmt":"2015-02-24T23:51:08","guid":{"rendered":"https:\/\/blog.artsaucarre.be\/idm\/?p=883"},"modified":"2015-02-25T00:51:08","modified_gmt":"2015-02-24T23:51:08","slug":"le-prix-mediatine-2015-a-ete-remis-au-collectif-void-arnaud-eeckhout","status":"publish","type":"post","link":"https:\/\/blog.artsaucarre.be\/idm\/le-prix-mediatine-2015-a-ete-remis-au-collectif-void-arnaud-eeckhout\/","title":{"rendered":"Le Prix M\u00e9diatine 2015 a \u00e9t\u00e9 remis au collectif Void &gt; Arnaud Eeckhout"},"content":{"rendered":"<p>&nbsp;<\/p>\n<h2 class=\"article-hat-title\">Le collectif Void cr\u00e9e des objets et des installations sonores qui remplissent l\u2019espace. Un travail aussi sensible qu&rsquo;intelligent.<\/h2>\n<p><a href=\"https:\/\/blog.artsaucarre.be\/idm\/files\/2015\/02\/90306a0237c000d33f4dbd3f8f41ba7c-1424427928.jpg\"><img loading=\"lazy\" decoding=\"async\" class=\"aligncenter wp-image-884 size-full\" src=\"https:\/\/blog.artsaucarre.be\/idm\/files\/2015\/02\/90306a0237c000d33f4dbd3f8f41ba7c-1424427928.jpg\" alt=\"90306a0237c000d33f4dbd3f8f41ba7c-1424427928\" width=\"624\" height=\"351\" srcset=\"https:\/\/blog.artsaucarre.be\/idm\/files\/2015\/02\/90306a0237c000d33f4dbd3f8f41ba7c-1424427928.jpg 624w, https:\/\/blog.artsaucarre.be\/idm\/files\/2015\/02\/90306a0237c000d33f4dbd3f8f41ba7c-1424427928-300x168.jpg 300w\" sizes=\"auto, (max-width: 624px) 100vw, 624px\" \/><\/a><\/p>\n<p>Le Prix M\u00e9diatine a \u00e9t\u00e9 remis au collectif\u00a0<em>Void.<\/em><\/p>\n<p>Une exposition est pr\u00e9sent\u00e9e \u00e0 la M\u00e9diatine \u00e0 Woluwe-St-Lambert jusqu\u2019au 8 mars.<\/p>\n<p>Le collectif rassemble deux cr\u00e9ateurs. Arnaud Eeckhout et Mauro Vitturini travaillent le mat\u00e9riau\u00a0<em>son<\/em>\u00a0et r\u00e9ussissent le pari de rendre visible le ph\u00e9nom\u00e8ne acoustique en cr\u00e9ant des images plastiques.\u00a0<em>Void<\/em>\u00a0signifie le vide. Le collectif cr\u00e9e des objets et des installations sonores qui remplissent l\u2019espace.<\/p>\n<p>La d\u00e9marche peut para\u00eetre paradoxale. Elle est subtile comme le son. Un dessin illustre parfaitement la sensibilit\u00e9 des deux artistes. L\u2019onde du mot\u00a0<em>silence<\/em>\u00a0apr\u00e8s avoir \u00e9t\u00e9 enregistr\u00e9 est grav\u00e9e dans le papier. La gravure est une fa\u00e7on visuelle de mat\u00e9rialiser le vide, car le papier a \u00e9t\u00e9 gratt\u00e9 et la mati\u00e8re enlev\u00e9e r\u00e9v\u00e8le l\u2019immat\u00e9rialit\u00e9 du silence. Un petit chef-d\u2019\u0153uvre d\u2019intelligence et de sensibilit\u00e9.<\/p>\n","protected":false},"excerpt":{"rendered":"<p>&nbsp; Le collectif Void cr\u00e9e des objets et des installations sonores qui remplissent l\u2019espace. Un travail aussi sensible qu&rsquo;intelligent. Le Prix M\u00e9diatine a \u00e9t\u00e9 remis au collectif\u00a0Void. Une exposition est pr\u00e9sent\u00e9e \u00e0 la M\u00e9diatine \u00e0 Woluwe-St-Lambert jusqu\u2019au 8 mars. Le collectif rassemble deux cr\u00e9ateurs. Arnaud Eeckhout et Mauro Vitturini travaillent le mat\u00e9riau\u00a0son\u00a0et r\u00e9ussissent le pari [&hellip;]<\/p>\n","protected":false},"author":10,"featured_media":0,"comment_status":"closed","ping_status":"closed","sticky":false,"template":"","format":"standard","meta":{"footnotes":""},"categories":[160,55],"tags":[88,173],"class_list":["post-883","post","type-post","status-publish","format-standard","hentry","category-archives-2014-2015-artistes-idm","category-artistes-idm-2","tag-arnaud-eeckhout","tag-collectif-void"],"_links":{"self":[{"href":"https:\/\/blog.artsaucarre.be\/idm\/wp-json\/wp\/v2\/posts\/883","targetHints":{"allow":["GET"]}}],"collection":[{"href":"https:\/\/blog.artsaucarre.be\/idm\/wp-json\/wp\/v2\/posts"}],"about":[{"href":"https:\/\/blog.artsaucarre.be\/idm\/wp-json\/wp\/v2\/types\/post"}],"author":[{"embeddable":true,"href":"https:\/\/blog.artsaucarre.be\/idm\/wp-json\/wp\/v2\/users\/10"}],"replies":[{"embeddable":true,"href":"https:\/\/blog.artsaucarre.be\/idm\/wp-json\/wp\/v2\/comments?post=883"}],"version-history":[{"count":1,"href":"https:\/\/blog.artsaucarre.be\/idm\/wp-json\/wp\/v2\/posts\/883\/revisions"}],"predecessor-version":[{"id":885,"href":"https:\/\/blog.artsaucarre.be\/idm\/wp-json\/wp\/v2\/posts\/883\/revisions\/885"}],"wp:attachment":[{"href":"https:\/\/blog.artsaucarre.be\/idm\/wp-json\/wp\/v2\/media?parent=883"}],"wp:term":[{"taxonomy":"category","embeddable":true,"href":"https:\/\/blog.artsaucarre.be\/idm\/wp-json\/wp\/v2\/categories?post=883"},{"taxonomy":"post_tag","embeddable":true,"href":"https:\/\/blog.artsaucarre.be\/idm\/wp-json\/wp\/v2\/tags?post=883"}],"curies":[{"name":"wp","href":"https:\/\/api.w.org\/{rel}","templated":true}]}}