{"id":822,"date":"2015-02-05T00:14:01","date_gmt":"2015-02-04T23:14:01","guid":{"rendered":"https:\/\/blog.artsaucarre.be\/idm\/?p=822"},"modified":"2015-02-05T00:14:01","modified_gmt":"2015-02-04T23:14:01","slug":"prix-mediatine-collectif-void-arnaud-eeckhout-vernissage-mercredi-11-fevrier-a-18h30","status":"publish","type":"post","link":"https:\/\/blog.artsaucarre.be\/idm\/prix-mediatine-collectif-void-arnaud-eeckhout-vernissage-mercredi-11-fevrier-a-18h30\/","title":{"rendered":"Prix M\u00e9diatine : Collectif VOID (Arnaud Eeckhout), vernissage Mercredi 11 f\u00e9vrier \u00e0 18h30"},"content":{"rendered":"<p><b><a href=\"https:\/\/blog.artsaucarre.be\/idm\/files\/2015\/02\/image.php_.jpeg\"><img loading=\"lazy\" decoding=\"async\" class=\"aligncenter size-full wp-image-823\" src=\"https:\/\/blog.artsaucarre.be\/idm\/files\/2015\/02\/image.php_.jpeg\" alt=\"image.php\" width=\"634\" height=\"385\" srcset=\"https:\/\/blog.artsaucarre.be\/idm\/files\/2015\/02\/image.php_.jpeg 634w, https:\/\/blog.artsaucarre.be\/idm\/files\/2015\/02\/image.php_-300x182.jpeg 300w, https:\/\/blog.artsaucarre.be\/idm\/files\/2015\/02\/image.php_-624x378.jpeg 624w\" sizes=\"auto, (max-width: 634px) 100vw, 634px\" \/><\/a><\/b><b>Dates et heures<\/b>:\u00a0Expo accessible du 13 f\u00e9vrier au 8 mars, du vendredi au dimanche, de 14h \u00e0 18h<br \/>\n<b>Lieu<\/b>:\u00a0La M\u00e9diatine, all\u00e9e Pierre Levie 1, 1200 Bruxelles<br \/>\n<b>Prix<\/b>:\u00a0Entr\u00e9e libre<br \/>\n<b>D\u00e9vernissage<\/b>:\u00a0D\u00e9vernissage et remise du Prix du Public le dimanche 8 mars \u00e0 17h<\/p>\n","protected":false},"excerpt":{"rendered":"<p>Dates et heures:\u00a0Expo accessible du 13 f\u00e9vrier au 8 mars, du vendredi au dimanche, de 14h \u00e0 18h Lieu:\u00a0La M\u00e9diatine, all\u00e9e Pierre Levie 1, 1200 Bruxelles Prix:\u00a0Entr\u00e9e libre D\u00e9vernissage:\u00a0D\u00e9vernissage et remise du Prix du Public le dimanche 8 mars \u00e0 17h<\/p>\n","protected":false},"author":10,"featured_media":0,"comment_status":"closed","ping_status":"closed","sticky":false,"template":"","format":"standard","meta":{"footnotes":""},"categories":[160,55],"tags":[88,166],"class_list":["post-822","post","type-post","status-publish","format-standard","hentry","category-archives-2014-2015-artistes-idm","category-artistes-idm-2","tag-arnaud-eeckhout","tag-prix-mediatine"],"_links":{"self":[{"href":"https:\/\/blog.artsaucarre.be\/idm\/wp-json\/wp\/v2\/posts\/822","targetHints":{"allow":["GET"]}}],"collection":[{"href":"https:\/\/blog.artsaucarre.be\/idm\/wp-json\/wp\/v2\/posts"}],"about":[{"href":"https:\/\/blog.artsaucarre.be\/idm\/wp-json\/wp\/v2\/types\/post"}],"author":[{"embeddable":true,"href":"https:\/\/blog.artsaucarre.be\/idm\/wp-json\/wp\/v2\/users\/10"}],"replies":[{"embeddable":true,"href":"https:\/\/blog.artsaucarre.be\/idm\/wp-json\/wp\/v2\/comments?post=822"}],"version-history":[{"count":1,"href":"https:\/\/blog.artsaucarre.be\/idm\/wp-json\/wp\/v2\/posts\/822\/revisions"}],"predecessor-version":[{"id":824,"href":"https:\/\/blog.artsaucarre.be\/idm\/wp-json\/wp\/v2\/posts\/822\/revisions\/824"}],"wp:attachment":[{"href":"https:\/\/blog.artsaucarre.be\/idm\/wp-json\/wp\/v2\/media?parent=822"}],"wp:term":[{"taxonomy":"category","embeddable":true,"href":"https:\/\/blog.artsaucarre.be\/idm\/wp-json\/wp\/v2\/categories?post=822"},{"taxonomy":"post_tag","embeddable":true,"href":"https:\/\/blog.artsaucarre.be\/idm\/wp-json\/wp\/v2\/tags?post=822"}],"curies":[{"name":"wp","href":"https:\/\/api.w.org\/{rel}","templated":true}]}}