{"id":819,"date":"2015-02-05T00:07:22","date_gmt":"2015-02-04T23:07:22","guid":{"rendered":"https:\/\/blog.artsaucarre.be\/idm\/?p=819"},"modified":"2015-02-05T00:07:22","modified_gmt":"2015-02-04T23:07:22","slug":"idm-erre-et-participe-activement-a-cette-edition-special-mons-2015-du-magazine-bilbok-presentation-officielle-jeudi-1202","status":"publish","type":"post","link":"https:\/\/blog.artsaucarre.be\/idm\/idm-erre-et-participe-activement-a-cette-edition-special-mons-2015-du-magazine-bilbok-presentation-officielle-jeudi-1202\/","title":{"rendered":"IDM\u00a9 ERRE!!!!!!! &#8230;et participe activement \u00e0 cette \u00e9dition Sp\u00e9cial Mons 2015 du magazine BilBok. Pr\u00e9sentation officielle: jeudi 12\/02&#8230;"},"content":{"rendered":"<p>Et HOP L\u00c0, qu&rsquo;on se le dise!<br \/>\nDans le cadre de Mons 2015, la revue BIL BO K, Magazine des errances contemporaines, publie un num\u00e9ro sp\u00e9cial consacr\u00e9 \u00e0 la sc\u00e8ne artistique \u00e9mergente en arts plastiques de Mons et du Borinage. 40 artistes sur pr\u00e8s de 200 pages autour du th\u00e8me de l\u2019errance.<br \/>\n<a href=\"http:\/\/www.bilbok.com\/\" target=\"_blank\" rel=\"nofollow nofollow\">www.bilbok.com<\/a><br \/>\n\u00c0 l&rsquo;occasion de la sortie de ce num\u00e9ro sp\u00e9cial,<br \/>\nL&rsquo;Alhambra vous invite \u00e0 : \u00ab\u00a0TRIBUTE TO BIL BO K\u00a0\u00bb<br \/>\n<strong><span style=\"line-height: 1.714285714;font-size: 1rem\">Soir\u00e9e festive avec :<br \/>\n<\/span><\/strong><span style=\"line-height: 1.714285714;font-size: 1rem\">\u00f8 *Showcase* Barbara Carlotti:\u00a0<\/span><span style=\"line-height: 1.714285714;font-size: 1rem\">Barbara Carlotti joue \u00ab\u00a0La Fille\u00a0\u00bb accompagn\u00e9e de St\u00e9phane Bellity (PAD), J\u00e9r\u00e9mie Regnier (claviers) et Jean-Pierre Petit (guitare \u00e9lectrique).<\/span><a style=\"line-height: 1.714285714;font-size: 1rem\" href=\"https:\/\/blog.artsaucarre.be\/idm\/files\/2015\/02\/10405478_800208883380602_4732393245848496229_n.jpg\">\u00a0<\/a><a style=\"line-height: 1.714285714;font-size: 1rem\" href=\"http:\/\/l.facebook.com\/l.php?u=http%3A%2F%2Flafille.eu%2F&amp;h=oAQGFj5V2&amp;enc=AZP8zFHchIfg8Rm07Tb1ifLIg_WHOK4nzv4oJZVFKPXMDza2J6lrhJquUcZNEksohpw&amp;s=1\" target=\"_blank\" rel=\"nofollow nofollow\">http:\/\/lafille.eu\/<br \/>\n<\/a>\u00f8 *Performance* \u00ab\u00a0Noise is full of words\u00a0\u00bb: Collectif VOID.<br \/>\n<span class=\"text_exposed_show\">\u00f8 *Concert*<\/span><span class=\"text_exposed_show\"> St\u00e9phane Kozik et Damien Petitot:<br \/>\n<\/span>Artistes pluridisciplinaires, membres du collectif de musique \u00e9lectronique ARYTHMETIK.<br \/>\n<span class=\"text_exposed_show\" style=\"line-height: 1.714285714;font-size: 1rem\">Set audiovisuel techno (Dub, Artekno, Indus, Hip-hop, Electronica, musique exp\u00e9rimentale&#8230;)<\/span><span class=\"text_exposed_show\" style=\"line-height: 1.714285714;font-size: 1rem\"> agr\u00e9ment\u00e9 de quelques instruments de musique invent\u00e9s et\/ou d\u00e9tourn\u00e9s.<\/span><span style=\"line-height: 1.714285714;font-size: 1rem\">+++ GRATUIT +++<\/span><\/p>\n<p><a href=\"https:\/\/blog.artsaucarre.be\/idm\/files\/2015\/02\/10405478_800208883380602_4732393245848496229_n.jpg\"><img loading=\"lazy\" decoding=\"async\" class=\"aligncenter size-full wp-image-820\" src=\"https:\/\/blog.artsaucarre.be\/idm\/files\/2015\/02\/10405478_800208883380602_4732393245848496229_n.jpg\" alt=\"10405478_800208883380602_4732393245848496229_n\" width=\"468\" height=\"685\" srcset=\"https:\/\/blog.artsaucarre.be\/idm\/files\/2015\/02\/10405478_800208883380602_4732393245848496229_n.jpg 468w, https:\/\/blog.artsaucarre.be\/idm\/files\/2015\/02\/10405478_800208883380602_4732393245848496229_n-204x300.jpg 204w\" sizes=\"auto, (max-width: 468px) 100vw, 468px\" \/><\/a><\/p>\n","protected":false},"excerpt":{"rendered":"<p>Et HOP L\u00c0, qu&rsquo;on se le dise! Dans le cadre de Mons 2015, la revue BIL BO K, Magazine des errances contemporaines, publie un num\u00e9ro sp\u00e9cial consacr\u00e9 \u00e0 la sc\u00e8ne artistique \u00e9mergente en arts plastiques de Mons et du Borinage. 40 artistes sur pr\u00e8s de 200 pages autour du th\u00e8me de l\u2019errance. www.bilbok.com \u00c0 l&rsquo;occasion [&hellip;]<\/p>\n","protected":false},"author":10,"featured_media":0,"comment_status":"closed","ping_status":"closed","sticky":false,"template":"","format":"standard","meta":{"footnotes":""},"categories":[2,160,159,55],"tags":[],"class_list":["post-819","post","type-post","status-publish","format-standard","hentry","category-actualites","category-archives-2014-2015-artistes-idm","category-archives-2014-2015-atelier-idm","category-artistes-idm-2"],"_links":{"self":[{"href":"https:\/\/blog.artsaucarre.be\/idm\/wp-json\/wp\/v2\/posts\/819","targetHints":{"allow":["GET"]}}],"collection":[{"href":"https:\/\/blog.artsaucarre.be\/idm\/wp-json\/wp\/v2\/posts"}],"about":[{"href":"https:\/\/blog.artsaucarre.be\/idm\/wp-json\/wp\/v2\/types\/post"}],"author":[{"embeddable":true,"href":"https:\/\/blog.artsaucarre.be\/idm\/wp-json\/wp\/v2\/users\/10"}],"replies":[{"embeddable":true,"href":"https:\/\/blog.artsaucarre.be\/idm\/wp-json\/wp\/v2\/comments?post=819"}],"version-history":[{"count":1,"href":"https:\/\/blog.artsaucarre.be\/idm\/wp-json\/wp\/v2\/posts\/819\/revisions"}],"predecessor-version":[{"id":821,"href":"https:\/\/blog.artsaucarre.be\/idm\/wp-json\/wp\/v2\/posts\/819\/revisions\/821"}],"wp:attachment":[{"href":"https:\/\/blog.artsaucarre.be\/idm\/wp-json\/wp\/v2\/media?parent=819"}],"wp:term":[{"taxonomy":"category","embeddable":true,"href":"https:\/\/blog.artsaucarre.be\/idm\/wp-json\/wp\/v2\/categories?post=819"},{"taxonomy":"post_tag","embeddable":true,"href":"https:\/\/blog.artsaucarre.be\/idm\/wp-json\/wp\/v2\/tags?post=819"}],"curies":[{"name":"wp","href":"https:\/\/api.w.org\/{rel}","templated":true}]}}