{"id":815,"date":"2015-01-23T20:18:47","date_gmt":"2015-01-23T19:18:47","guid":{"rendered":"https:\/\/blog.artsaucarre.be\/idm\/?p=815"},"modified":"2015-01-23T20:18:47","modified_gmt":"2015-01-23T19:18:47","slug":"collectif-void-remporte-le-prix-mediatine-2015-arnaud-eechkout-mauro-venturi","status":"publish","type":"post","link":"https:\/\/blog.artsaucarre.be\/idm\/collectif-void-remporte-le-prix-mediatine-2015-arnaud-eechkout-mauro-venturi\/","title":{"rendered":"Collectif VOID remporte le Prix M\u00e9diatine 2015 (Arnaud Eechkout + Mauro Venturi)"},"content":{"rendered":"<p>. Rendez-vous le 11 f\u00e9vrier pour le vernissage.<\/p>\n<ul>\n<li><strong>Adresse :<\/strong><br \/>\nM\u00e9diatine<br \/>\nChauss\u00e9e de Stockel 45<br \/>\n1200 Bruxelles (WOLUWE-SAINT-LAMBERT)<\/li>\n<li>\n<div id=\"DescriptiveText\">\n<p><span class=\"titre_rubrique\">Exposition : Art<br \/>\n<\/span>Prix M\u00e9diatine &#8211; Comp\u00e9tition de jeunes talents de Woluw\u00e9-Saint-Lambert<br \/>\nConcours de jeunes plasticiens souhaitant dynamiser la cr\u00e9ation actuelle et confronter leur r\u00e9flexion au regard d&rsquo;un jury pro. \u00c0 Bruxelles en f\u00e9vrier 2015<\/p>\n<\/div>\n<div><a href=\"https:\/\/blog.artsaucarre.be\/idm\/files\/2015\/01\/mosaique-void.jpg\"><img loading=\"lazy\" decoding=\"async\" class=\"aligncenter size-full wp-image-816\" src=\"https:\/\/blog.artsaucarre.be\/idm\/files\/2015\/01\/mosaique-void.jpg\" alt=\"mosaique-void\" width=\"498\" height=\"325\" srcset=\"https:\/\/blog.artsaucarre.be\/idm\/files\/2015\/01\/mosaique-void.jpg 498w, https:\/\/blog.artsaucarre.be\/idm\/files\/2015\/01\/mosaique-void-300x195.jpg 300w\" sizes=\"auto, (max-width: 498px) 100vw, 498px\" \/><\/a><\/div>\n<\/li>\n<\/ul>\n","protected":false},"excerpt":{"rendered":"<p>. Rendez-vous le 11 f\u00e9vrier pour le vernissage. Adresse : M\u00e9diatine Chauss\u00e9e de Stockel 45 1200 Bruxelles (WOLUWE-SAINT-LAMBERT) Exposition : Art Prix M\u00e9diatine &#8211; Comp\u00e9tition de jeunes talents de Woluw\u00e9-Saint-Lambert Concours de jeunes plasticiens souhaitant dynamiser la cr\u00e9ation actuelle et confronter leur r\u00e9flexion au regard d&rsquo;un jury pro. \u00c0 Bruxelles en f\u00e9vrier 2015<\/p>\n","protected":false},"author":10,"featured_media":0,"comment_status":"closed","ping_status":"closed","sticky":false,"template":"","format":"standard","meta":{"footnotes":""},"categories":[160,55],"tags":[88],"class_list":["post-815","post","type-post","status-publish","format-standard","hentry","category-archives-2014-2015-artistes-idm","category-artistes-idm-2","tag-arnaud-eeckhout"],"_links":{"self":[{"href":"https:\/\/blog.artsaucarre.be\/idm\/wp-json\/wp\/v2\/posts\/815","targetHints":{"allow":["GET"]}}],"collection":[{"href":"https:\/\/blog.artsaucarre.be\/idm\/wp-json\/wp\/v2\/posts"}],"about":[{"href":"https:\/\/blog.artsaucarre.be\/idm\/wp-json\/wp\/v2\/types\/post"}],"author":[{"embeddable":true,"href":"https:\/\/blog.artsaucarre.be\/idm\/wp-json\/wp\/v2\/users\/10"}],"replies":[{"embeddable":true,"href":"https:\/\/blog.artsaucarre.be\/idm\/wp-json\/wp\/v2\/comments?post=815"}],"version-history":[{"count":1,"href":"https:\/\/blog.artsaucarre.be\/idm\/wp-json\/wp\/v2\/posts\/815\/revisions"}],"predecessor-version":[{"id":817,"href":"https:\/\/blog.artsaucarre.be\/idm\/wp-json\/wp\/v2\/posts\/815\/revisions\/817"}],"wp:attachment":[{"href":"https:\/\/blog.artsaucarre.be\/idm\/wp-json\/wp\/v2\/media?parent=815"}],"wp:term":[{"taxonomy":"category","embeddable":true,"href":"https:\/\/blog.artsaucarre.be\/idm\/wp-json\/wp\/v2\/categories?post=815"},{"taxonomy":"post_tag","embeddable":true,"href":"https:\/\/blog.artsaucarre.be\/idm\/wp-json\/wp\/v2\/tags?post=815"}],"curies":[{"name":"wp","href":"https:\/\/api.w.org\/{rel}","templated":true}]}}