{"id":789,"date":"2014-10-08T16:35:47","date_gmt":"2014-10-08T15:35:47","guid":{"rendered":"https:\/\/blog.artsaucarre.be\/idm\/?p=789"},"modified":"2014-10-08T16:35:47","modified_gmt":"2014-10-08T15:35:47","slug":"hassan-darsi-artiste-de-latelier-idm-expose-a-beaubourg","status":"publish","type":"post","link":"https:\/\/blog.artsaucarre.be\/idm\/hassan-darsi-artiste-de-latelier-idm-expose-a-beaubourg\/","title":{"rendered":"HASSAN DARSI, artiste de l&rsquo;atelier idm\u00a9 (expose) \u00c0 BEAUBOURG!"},"content":{"rendered":"<div>Exposition <strong>\u00ab\u00a0Une histoire, l&rsquo;art, l&rsquo;architecture et le design, des ann\u00e9es 80 \u00e0 nos jours\u00a0\u00bb\u00a0<\/strong>visible de juillet 2014 jusqu&rsquo;en 2016. La maquette qu&rsquo;il a cr\u00e9\u00e9e avec La Source du Lion \u00e0 Casablanca, est dans les collections permanentes de Beaubourg&#8230;<\/p>\n<div id=\"fbPhotoSnowliftPagesTagList\"><\/div>\n<\/div>\n<div id=\"fbPhotoSnowliftFeedback\">\u00a0<a href=\"https:\/\/blog.artsaucarre.be\/idm\/files\/2014\/10\/10639693_732053956862762_900884837614495947_n.jpg\"><img loading=\"lazy\" decoding=\"async\" class=\"aligncenter size-full wp-image-790\" alt=\"10639693_732053956862762_900884837614495947_n\" src=\"https:\/\/blog.artsaucarre.be\/idm\/files\/2014\/10\/10639693_732053956862762_900884837614495947_n.jpg\" width=\"960\" height=\"539\" srcset=\"https:\/\/blog.artsaucarre.be\/idm\/files\/2014\/10\/10639693_732053956862762_900884837614495947_n.jpg 960w, https:\/\/blog.artsaucarre.be\/idm\/files\/2014\/10\/10639693_732053956862762_900884837614495947_n-300x168.jpg 300w, https:\/\/blog.artsaucarre.be\/idm\/files\/2014\/10\/10639693_732053956862762_900884837614495947_n-624x350.jpg 624w\" sizes=\"auto, (max-width: 960px) 100vw, 960px\" \/><\/a><\/div>\n","protected":false},"excerpt":{"rendered":"<p>Exposition \u00ab\u00a0Une histoire, l&rsquo;art, l&rsquo;architecture et le design, des ann\u00e9es 80 \u00e0 nos jours\u00a0\u00bb\u00a0visible de juillet 2014 jusqu&rsquo;en 2016. La maquette qu&rsquo;il a cr\u00e9\u00e9e avec La Source du Lion \u00e0 Casablanca, est dans les collections permanentes de Beaubourg&#8230; \u00a0<\/p>\n","protected":false},"author":10,"featured_media":0,"comment_status":"closed","ping_status":"closed","sticky":false,"template":"","format":"standard","meta":{"footnotes":""},"categories":[160,55],"tags":[62],"class_list":["post-789","post","type-post","status-publish","format-standard","hentry","category-archives-2014-2015-artistes-idm","category-artistes-idm-2","tag-hassan-darsi"],"_links":{"self":[{"href":"https:\/\/blog.artsaucarre.be\/idm\/wp-json\/wp\/v2\/posts\/789","targetHints":{"allow":["GET"]}}],"collection":[{"href":"https:\/\/blog.artsaucarre.be\/idm\/wp-json\/wp\/v2\/posts"}],"about":[{"href":"https:\/\/blog.artsaucarre.be\/idm\/wp-json\/wp\/v2\/types\/post"}],"author":[{"embeddable":true,"href":"https:\/\/blog.artsaucarre.be\/idm\/wp-json\/wp\/v2\/users\/10"}],"replies":[{"embeddable":true,"href":"https:\/\/blog.artsaucarre.be\/idm\/wp-json\/wp\/v2\/comments?post=789"}],"version-history":[{"count":1,"href":"https:\/\/blog.artsaucarre.be\/idm\/wp-json\/wp\/v2\/posts\/789\/revisions"}],"predecessor-version":[{"id":791,"href":"https:\/\/blog.artsaucarre.be\/idm\/wp-json\/wp\/v2\/posts\/789\/revisions\/791"}],"wp:attachment":[{"href":"https:\/\/blog.artsaucarre.be\/idm\/wp-json\/wp\/v2\/media?parent=789"}],"wp:term":[{"taxonomy":"category","embeddable":true,"href":"https:\/\/blog.artsaucarre.be\/idm\/wp-json\/wp\/v2\/categories?post=789"},{"taxonomy":"post_tag","embeddable":true,"href":"https:\/\/blog.artsaucarre.be\/idm\/wp-json\/wp\/v2\/tags?post=789"}],"curies":[{"name":"wp","href":"https:\/\/api.w.org\/{rel}","templated":true}]}}