{"id":1675,"date":"2020-12-02T19:17:54","date_gmt":"2020-12-02T18:17:54","guid":{"rendered":"https:\/\/blog.artsaucarre.be\/idm\/?p=1675"},"modified":"2020-12-02T19:17:54","modified_gmt":"2020-12-02T18:17:54","slug":"surprise-ou-le-premier-jour-du-reste-de-ma-vie","status":"publish","type":"post","link":"https:\/\/blog.artsaucarre.be\/idm\/surprise-ou-le-premier-jour-du-reste-de-ma-vie\/","title":{"rendered":"SURPRISE ! \u2026ou le premier jour du reste de ma vie"},"content":{"rendered":"<p class=\"x_MsoNormal\"><a href=\"https:\/\/blog.artsaucarre.be\/idm\/surprise-exposition-idm-a-mons\/expo-affiche-2\/\" rel=\"attachment wp-att-1671\"><img loading=\"lazy\" decoding=\"async\" class=\"aligncenter size-full wp-image-1671\" src=\"https:\/\/blog.artsaucarre.be\/idm\/files\/2020\/12\/expo-affiche-2.jpg\" alt=\"expo affiche 2\" width=\"1754\" height=\"1240\" srcset=\"https:\/\/blog.artsaucarre.be\/idm\/files\/2020\/12\/expo-affiche-2.jpg 1754w, https:\/\/blog.artsaucarre.be\/idm\/files\/2020\/12\/expo-affiche-2-300x212.jpg 300w, https:\/\/blog.artsaucarre.be\/idm\/files\/2020\/12\/expo-affiche-2-768x543.jpg 768w, https:\/\/blog.artsaucarre.be\/idm\/files\/2020\/12\/expo-affiche-2-1024x724.jpg 1024w, https:\/\/blog.artsaucarre.be\/idm\/files\/2020\/12\/expo-affiche-2-624x441.jpg 624w\" sizes=\"auto, (max-width: 1754px) 100vw, 1754px\" \/><\/a><\/p>\n<p class=\"x_MsoNormal\">Une <b>EXPO X 2<\/b>\u00a0: JFO\u00a9\/ Jean-Fran\u00e7ois Octave <b>+<\/b> Atelier IDM\u00a9\/ Images Dans le Milieu de l\u2019\u00c9cole Sup\u00e9rieure des Arts \u00e0 Mons<b> ARTS<sup>2<\/sup><\/b><\/p>\n<p class=\"x_MsoNormal\">Une <b>EXPO X 3 LIEUX<\/b> o\u00f9 IDM\u00a9 r\u00e9unit pour la premi\u00e8re fois le BAM (Abattoirs), le BPS22 \u00e0 Charleroi (21\/11\/20&gt;04\/01\/21) et le MAC\u2019s Mus\u00e9e des Arts Contemporains au Grand-Hornu (30\/01\/21&gt;28\/02\/21).<\/p>\n<p class=\"x_MsoNormal\">Une <b>EXPO-LABO<\/b> o\u00f9 l\u2019accrochage change et \u00e9volue pendant 3 mois.<\/p>\n<p class=\"x_MsoNormal\">Une <b>EXPO-RENCONTRE<\/b> o\u00f9 vous pouvez voir les \u00e9tudiants au travail et discuter avec avec eux (les mardis et jeudis sauf cong\u00e9s scolaires)<\/p>\n<p class=\"x_MsoNormal\">Une <b>EXPO-FUN<\/b> \u00e0 voir dans la suite de Lichtenstein ou <i>\u201cQu\u2019est-ce que c\u2019est \u00eatre POP en 2020\u00a0?\u201d<\/i><\/p>\n<p class=\"x_MsoNormal\">Une <b>EXPO-\u00c9V\u00c9NEMENTS<\/b> avec une dynamique inter-domaines lanc\u00e9e par des \u00e9tudiants d\u2019ARTS<sup>2<\/sup> au Frigo (calendrier sur<a href=\"http:\/\/www.facebook.com\/idm.atelier\" target=\"_blank\" rel=\"noopener noreferrer\"> Facebook <\/a>)<\/p>\n<p class=\"x_MsoNormal\">Une <b>EXPO-LIVRE<\/b> et le magnifique catalogue de 333pages (+3) publi\u00e9 \u00e0 La Lettre Vol\u00e9e pour les 33ans de JFO\u00a9 &amp; IDM\u00a9\u2026<\/p>\n\n\t\t<style type=\"text\/css\">\n\t\t\t#gallery-1 {\n\t\t\t\tmargin: auto;\n\t\t\t}\n\t\t\t#gallery-1 .gallery-item {\n\t\t\t\tfloat: left;\n\t\t\t\tmargin-top: 10px;\n\t\t\t\ttext-align: center;\n\t\t\t\twidth: 50%;\n\t\t\t}\n\t\t\t#gallery-1 img {\n\t\t\t\tborder: 2px solid #cfcfcf;\n\t\t\t}\n\t\t\t#gallery-1 .gallery-caption {\n\t\t\t\tmargin-left: 0;\n\t\t\t}\n\t\t\t\/* see gallery_shortcode() in wp-includes\/media.php *\/\n\t\t<\/style>\n\t\t<div id='gallery-1' class='gallery galleryid-1675 gallery-columns-2 gallery-size-medium'><dl class='gallery-item'>\n\t\t\t<dt class='gallery-icon landscape'>\n\t\t\t\t<a href='https:\/\/blog.artsaucarre.be\/idm\/surprise-ou-le-premier-jour-du-reste-de-ma-vie\/livre-01\/'><img loading=\"lazy\" decoding=\"async\" width=\"300\" height=\"300\" src=\"https:\/\/blog.artsaucarre.be\/idm\/files\/2020\/12\/LIVRE-01-300x300.jpg\" class=\"attachment-medium size-medium\" alt=\"\" srcset=\"https:\/\/blog.artsaucarre.be\/idm\/files\/2020\/12\/LIVRE-01-300x300.jpg 300w, https:\/\/blog.artsaucarre.be\/idm\/files\/2020\/12\/LIVRE-01-150x150.jpg 150w, https:\/\/blog.artsaucarre.be\/idm\/files\/2020\/12\/LIVRE-01-768x768.jpg 768w, https:\/\/blog.artsaucarre.be\/idm\/files\/2020\/12\/LIVRE-01-1024x1024.jpg 1024w, https:\/\/blog.artsaucarre.be\/idm\/files\/2020\/12\/LIVRE-01-624x624.jpg 624w, https:\/\/blog.artsaucarre.be\/idm\/files\/2020\/12\/LIVRE-01.jpg 1269w\" sizes=\"auto, (max-width: 300px) 100vw, 300px\" \/><\/a>\n\t\t\t<\/dt><\/dl><dl class='gallery-item'>\n\t\t\t<dt class='gallery-icon landscape'>\n\t\t\t\t<a href='https:\/\/blog.artsaucarre.be\/idm\/surprise-ou-le-premier-jour-du-reste-de-ma-vie\/livre-02\/'><img loading=\"lazy\" decoding=\"async\" width=\"300\" height=\"300\" src=\"https:\/\/blog.artsaucarre.be\/idm\/files\/2020\/12\/LIVRE-02-300x300.jpg\" class=\"attachment-medium size-medium\" alt=\"\" srcset=\"https:\/\/blog.artsaucarre.be\/idm\/files\/2020\/12\/LIVRE-02-300x300.jpg 300w, https:\/\/blog.artsaucarre.be\/idm\/files\/2020\/12\/LIVRE-02-150x150.jpg 150w, https:\/\/blog.artsaucarre.be\/idm\/files\/2020\/12\/LIVRE-02-768x768.jpg 768w, https:\/\/blog.artsaucarre.be\/idm\/files\/2020\/12\/LIVRE-02-1024x1024.jpg 1024w, https:\/\/blog.artsaucarre.be\/idm\/files\/2020\/12\/LIVRE-02-624x624.jpg 624w, https:\/\/blog.artsaucarre.be\/idm\/files\/2020\/12\/LIVRE-02.jpg 1181w\" sizes=\"auto, (max-width: 300px) 100vw, 300px\" \/><\/a>\n\t\t\t<\/dt><\/dl><br style=\"clear: both\" \/><dl class='gallery-item'>\n\t\t\t<dt class='gallery-icon landscape'>\n\t\t\t\t<a href='https:\/\/blog.artsaucarre.be\/idm\/surprise-ou-le-premier-jour-du-reste-de-ma-vie\/livre-03\/'><img loading=\"lazy\" decoding=\"async\" width=\"300\" height=\"300\" src=\"https:\/\/blog.artsaucarre.be\/idm\/files\/2020\/12\/LIVRE-03-300x300.jpg\" class=\"attachment-medium size-medium\" alt=\"\" srcset=\"https:\/\/blog.artsaucarre.be\/idm\/files\/2020\/12\/LIVRE-03-300x300.jpg 300w, https:\/\/blog.artsaucarre.be\/idm\/files\/2020\/12\/LIVRE-03-150x150.jpg 150w, https:\/\/blog.artsaucarre.be\/idm\/files\/2020\/12\/LIVRE-03-768x768.jpg 768w, https:\/\/blog.artsaucarre.be\/idm\/files\/2020\/12\/LIVRE-03-1024x1024.jpg 1024w, https:\/\/blog.artsaucarre.be\/idm\/files\/2020\/12\/LIVRE-03-624x624.jpg 624w, https:\/\/blog.artsaucarre.be\/idm\/files\/2020\/12\/LIVRE-03.jpg 1181w\" sizes=\"auto, (max-width: 300px) 100vw, 300px\" \/><\/a>\n\t\t\t<\/dt><\/dl><dl class='gallery-item'>\n\t\t\t<dt class='gallery-icon landscape'>\n\t\t\t\t<a href='https:\/\/blog.artsaucarre.be\/idm\/surprise-ou-le-premier-jour-du-reste-de-ma-vie\/livre-04\/'><img loading=\"lazy\" decoding=\"async\" width=\"300\" height=\"300\" src=\"https:\/\/blog.artsaucarre.be\/idm\/files\/2020\/12\/LIVRE-04-300x300.jpg\" class=\"attachment-medium size-medium\" alt=\"\" srcset=\"https:\/\/blog.artsaucarre.be\/idm\/files\/2020\/12\/LIVRE-04-300x300.jpg 300w, https:\/\/blog.artsaucarre.be\/idm\/files\/2020\/12\/LIVRE-04-150x150.jpg 150w, https:\/\/blog.artsaucarre.be\/idm\/files\/2020\/12\/LIVRE-04-768x768.jpg 768w, https:\/\/blog.artsaucarre.be\/idm\/files\/2020\/12\/LIVRE-04-1024x1024.jpg 1024w, https:\/\/blog.artsaucarre.be\/idm\/files\/2020\/12\/LIVRE-04-624x624.jpg 624w, https:\/\/blog.artsaucarre.be\/idm\/files\/2020\/12\/LIVRE-04.jpg 1181w\" sizes=\"auto, (max-width: 300px) 100vw, 300px\" \/><\/a>\n\t\t\t<\/dt><\/dl><br style=\"clear: both\" \/>\n\t\t<\/div>\n\n","protected":false},"excerpt":{"rendered":"<p>Une EXPO X 2\u00a0: JFO\u00a9\/ Jean-Fran\u00e7ois Octave + Atelier IDM\u00a9\/ Images Dans le Milieu de l\u2019\u00c9cole Sup\u00e9rieure des Arts \u00e0 Mons ARTS2 Une EXPO X 3 LIEUX o\u00f9 IDM\u00a9 r\u00e9unit pour la premi\u00e8re fois le BAM (Abattoirs), le BPS22 \u00e0 Charleroi (21\/11\/20&gt;04\/01\/21) et le MAC\u2019s Mus\u00e9e des Arts Contemporains au Grand-Hornu (30\/01\/21&gt;28\/02\/21). Une EXPO-LABO o\u00f9 [&hellip;]<\/p>\n","protected":false},"author":10,"featured_media":0,"comment_status":"closed","ping_status":"closed","sticky":false,"template":"","format":"standard","meta":{"footnotes":""},"categories":[1],"tags":[],"class_list":["post-1675","post","type-post","status-publish","format-standard","hentry","category-2012-2013"],"_links":{"self":[{"href":"https:\/\/blog.artsaucarre.be\/idm\/wp-json\/wp\/v2\/posts\/1675","targetHints":{"allow":["GET"]}}],"collection":[{"href":"https:\/\/blog.artsaucarre.be\/idm\/wp-json\/wp\/v2\/posts"}],"about":[{"href":"https:\/\/blog.artsaucarre.be\/idm\/wp-json\/wp\/v2\/types\/post"}],"author":[{"embeddable":true,"href":"https:\/\/blog.artsaucarre.be\/idm\/wp-json\/wp\/v2\/users\/10"}],"replies":[{"embeddable":true,"href":"https:\/\/blog.artsaucarre.be\/idm\/wp-json\/wp\/v2\/comments?post=1675"}],"version-history":[{"count":1,"href":"https:\/\/blog.artsaucarre.be\/idm\/wp-json\/wp\/v2\/posts\/1675\/revisions"}],"predecessor-version":[{"id":1680,"href":"https:\/\/blog.artsaucarre.be\/idm\/wp-json\/wp\/v2\/posts\/1675\/revisions\/1680"}],"wp:attachment":[{"href":"https:\/\/blog.artsaucarre.be\/idm\/wp-json\/wp\/v2\/media?parent=1675"}],"wp:term":[{"taxonomy":"category","embeddable":true,"href":"https:\/\/blog.artsaucarre.be\/idm\/wp-json\/wp\/v2\/categories?post=1675"},{"taxonomy":"post_tag","embeddable":true,"href":"https:\/\/blog.artsaucarre.be\/idm\/wp-json\/wp\/v2\/tags?post=1675"}],"curies":[{"name":"wp","href":"https:\/\/api.w.org\/{rel}","templated":true}]}}