{"id":121,"date":"2011-04-15T19:33:07","date_gmt":"2011-04-15T18:33:07","guid":{"rendered":"https:\/\/blog.artsaucarre.be\/idm\/?p=121"},"modified":"2013-10-25T10:54:23","modified_gmt":"2013-10-25T09:54:23","slug":"exposition-a-la-maison-dart-actuel-des-chartreux-avril-mai-2011","status":"publish","type":"post","link":"https:\/\/blog.artsaucarre.be\/idm\/exposition-a-la-maison-dart-actuel-des-chartreux-avril-mai-2011\/","title":{"rendered":"Exposition \u00e0 la Maison d\u2019Art Actuel des Chartreux : avril-mai 2011"},"content":{"rendered":"<div id=\"droite_txt\"><img loading=\"lazy\" decoding=\"async\" alt=\"\" src=\"http:\/\/esapv.be\/IMG\/jpg\/article-de-presse.jpg\" width=\"543\" height=\"1155\" \/>Lien pour le reportage pr\u00e9sent\u00e9 dans l\u2019\u00e9mission <a href=\"http:\/\/www.rtbf.be\/video\/v_cinquante-degres-nord?id=953543&amp;category=viepratique\">Cinquante degr\u00e9s nord le 20 avril 2011<\/a> (entre la 8\u00e8me et la 13\u00e8me minute si vous ne voulez pas regarder toute l\u2019\u00e9mission\u00a0!)<img loading=\"lazy\" decoding=\"async\" alt=\"\" src=\"http:\/\/esapv.be\/IMG\/jpg\/IDM-CARAMBA_VICTOIRE.jpg\" width=\"595\" height=\"1175\" \/><br \/>\n<a title=\"View Il voulait un concept, je lui ai r\u00e9pondu: CARAMBA! on Scribd\" href=\"http:\/\/www.scribd.com\/doc\/53124199\/Il-voulait-un-concept-je-lui-ai-repondu-CARAMBA\">Il voulait un concept, je lui ai r\u00e9pondu\u00a0: CARAMBA\u00a0!<\/a><\/div>\n","protected":false},"excerpt":{"rendered":"<p>Lien pour le reportage pr\u00e9sent\u00e9 dans l\u2019\u00e9mission Cinquante degr\u00e9s nord le 20 avril 2011 (entre la 8\u00e8me et la 13\u00e8me minute si vous ne voulez pas regarder toute l\u2019\u00e9mission\u00a0!) Il voulait un concept, je lui ai r\u00e9pondu\u00a0: CARAMBA\u00a0!<\/p>\n","protected":false},"author":10,"featured_media":124,"comment_status":"closed","ping_status":"closed","sticky":false,"template":"","format":"standard","meta":{"footnotes":""},"categories":[2,63],"tags":[16,38,13,93],"class_list":["post-121","post","type-post","status-publish","format-standard","has-post-thumbnail","hentry","category-actualites","category-archives-2011-2012-atelier-idm","tag-actualites-2","tag-art","tag-exposition","tag-undefined"],"_links":{"self":[{"href":"https:\/\/blog.artsaucarre.be\/idm\/wp-json\/wp\/v2\/posts\/121","targetHints":{"allow":["GET"]}}],"collection":[{"href":"https:\/\/blog.artsaucarre.be\/idm\/wp-json\/wp\/v2\/posts"}],"about":[{"href":"https:\/\/blog.artsaucarre.be\/idm\/wp-json\/wp\/v2\/types\/post"}],"author":[{"embeddable":true,"href":"https:\/\/blog.artsaucarre.be\/idm\/wp-json\/wp\/v2\/users\/10"}],"replies":[{"embeddable":true,"href":"https:\/\/blog.artsaucarre.be\/idm\/wp-json\/wp\/v2\/comments?post=121"}],"version-history":[{"count":8,"href":"https:\/\/blog.artsaucarre.be\/idm\/wp-json\/wp\/v2\/posts\/121\/revisions"}],"predecessor-version":[{"id":376,"href":"https:\/\/blog.artsaucarre.be\/idm\/wp-json\/wp\/v2\/posts\/121\/revisions\/376"}],"wp:featuredmedia":[{"embeddable":true,"href":"https:\/\/blog.artsaucarre.be\/idm\/wp-json\/wp\/v2\/media\/124"}],"wp:attachment":[{"href":"https:\/\/blog.artsaucarre.be\/idm\/wp-json\/wp\/v2\/media?parent=121"}],"wp:term":[{"taxonomy":"category","embeddable":true,"href":"https:\/\/blog.artsaucarre.be\/idm\/wp-json\/wp\/v2\/categories?post=121"},{"taxonomy":"post_tag","embeddable":true,"href":"https:\/\/blog.artsaucarre.be\/idm\/wp-json\/wp\/v2\/tags?post=121"}],"curies":[{"name":"wp","href":"https:\/\/api.w.org\/{rel}","templated":true}]}}