{"id":969,"date":"2017-10-25T11:01:30","date_gmt":"2017-10-25T10:01:30","guid":{"rendered":"https:\/\/blog.artsaucarre.be\/dessin\/?p=969"},"modified":"2017-10-25T11:08:24","modified_gmt":"2017-10-25T10:08:24","slug":"bonnefantenmuseumraymond-pettibon","status":"publish","type":"post","link":"https:\/\/blog.artsaucarre.be\/dessin\/?p=969","title":{"rendered":"Bonnefantenmuseum\/Raymond Pettibon"},"content":{"rendered":"<p><a href=\"https:\/\/blog.artsaucarre.be\/dessin\/files\/2017\/10\/ray-pettibon.jpg\" rel=\"attachment wp-att-970\"><img loading=\"lazy\" decoding=\"async\" class=\"alignnone size-medium wp-image-970\" src=\"https:\/\/blog.artsaucarre.be\/dessin\/files\/2017\/10\/ray-pettibon-300x233.jpg\" alt=\"ray-pettibon\" width=\"300\" height=\"233\" \/><\/a><\/p>\n<p>Mardi 24 Octobre voyage p\u00e9dagogique de l&rsquo;Atelier de Dessin et visite d&rsquo;une l&rsquo;exposition tr\u00e8s importante de Raymond Pettibon au Bonnefantenmuseum \u00e0 Maastricht.<\/p>\n","protected":false},"excerpt":{"rendered":"<p>Mardi 24 Octobre voyage p\u00e9dagogique de l&rsquo;Atelier de Dessin et visite d&rsquo;une l&rsquo;exposition tr\u00e8s importante de Raymond Pettibon au Bonnefantenmuseum \u00e0 Maastricht.<\/p>\n","protected":false},"author":20,"featured_media":0,"comment_status":"closed","ping_status":"closed","sticky":false,"template":"","format":"standard","meta":{"footnotes":""},"categories":[1],"tags":[],"class_list":["post-969","post","type-post","status-publish","format-standard","hentry","category-non-classe"],"_links":{"self":[{"href":"https:\/\/blog.artsaucarre.be\/dessin\/index.php?rest_route=\/wp\/v2\/posts\/969","targetHints":{"allow":["GET"]}}],"collection":[{"href":"https:\/\/blog.artsaucarre.be\/dessin\/index.php?rest_route=\/wp\/v2\/posts"}],"about":[{"href":"https:\/\/blog.artsaucarre.be\/dessin\/index.php?rest_route=\/wp\/v2\/types\/post"}],"author":[{"embeddable":true,"href":"https:\/\/blog.artsaucarre.be\/dessin\/index.php?rest_route=\/wp\/v2\/users\/20"}],"replies":[{"embeddable":true,"href":"https:\/\/blog.artsaucarre.be\/dessin\/index.php?rest_route=%2Fwp%2Fv2%2Fcomments&post=969"}],"version-history":[{"count":4,"href":"https:\/\/blog.artsaucarre.be\/dessin\/index.php?rest_route=\/wp\/v2\/posts\/969\/revisions"}],"predecessor-version":[{"id":974,"href":"https:\/\/blog.artsaucarre.be\/dessin\/index.php?rest_route=\/wp\/v2\/posts\/969\/revisions\/974"}],"wp:attachment":[{"href":"https:\/\/blog.artsaucarre.be\/dessin\/index.php?rest_route=%2Fwp%2Fv2%2Fmedia&parent=969"}],"wp:term":[{"taxonomy":"category","embeddable":true,"href":"https:\/\/blog.artsaucarre.be\/dessin\/index.php?rest_route=%2Fwp%2Fv2%2Fcategories&post=969"},{"taxonomy":"post_tag","embeddable":true,"href":"https:\/\/blog.artsaucarre.be\/dessin\/index.php?rest_route=%2Fwp%2Fv2%2Ftags&post=969"}],"curies":[{"name":"wp","href":"https:\/\/api.w.org\/{rel}","templated":true}]}}