{"id":1055,"date":"2018-11-30T23:01:23","date_gmt":"2018-11-30T22:01:23","guid":{"rendered":"https:\/\/blog.artsaucarre.be\/dessin\/?p=1055"},"modified":"2018-11-30T23:04:22","modified_gmt":"2018-11-30T22:04:22","slug":"m-i-m-a-le-millennium-iconoclast-museum-of-art","status":"publish","type":"post","link":"https:\/\/blog.artsaucarre.be\/dessin\/?p=1055","title":{"rendered":"M.I.M.A. Le Millennium Iconoclast Museum of Art"},"content":{"rendered":"<div class=\"page\" title=\"Page 1\">\n<div class=\"section\">\n<div class=\"layoutArea\">\n<div class=\"column\">\n<p><a href=\"https:\/\/blog.artsaucarre.be\/dessin\/files\/2018\/11\/mima-facade.jpg\" rel=\"attachment wp-att-1056\"><img loading=\"lazy\" decoding=\"async\" class=\"alignnone size-medium wp-image-1056\" src=\"https:\/\/blog.artsaucarre.be\/dessin\/files\/2018\/11\/mima-facade-300x226.jpg\" alt=\"mima-facade\" width=\"300\" height=\"226\" srcset=\"https:\/\/blog.artsaucarre.be\/dessin\/files\/2018\/11\/mima-facade-300x226.jpg 300w, https:\/\/blog.artsaucarre.be\/dessin\/files\/2018\/11\/mima-facade-210x158.jpg 210w, https:\/\/blog.artsaucarre.be\/dessin\/files\/2018\/11\/mima-facade.jpg 600w\" sizes=\"auto, (max-width: 300px) 100vw, 300px\" \/><\/a><\/p>\n<p>Mercredi 07\/11\/2018 : Dans le cadre de la semaine atypique, voyage p\u00e9dagogique de l\u2019Atelier de Dessin et visite du M.I.M.A. \u00a0Le Millennium Iconoclast Museum of Art est un mus\u00e9e inaugur\u00e9 en 2016. Il pr\u00e9sente les \u0153uvres d&rsquo;artistes issus de la culture urbaine du XXIe si\u00e8cle influenc\u00e9s par la culture musicale, le monde du cin\u00e9ma, les arts plastiques et graphiques, le stylisme, le tatouage, la culture sportive etc,..<br \/>\nVisite de la collection permanente.<\/p>\n<\/div>\n<\/div>\n<\/div>\n<\/div>\n","protected":false},"excerpt":{"rendered":"<p>Mercredi 07\/11\/2018 : Dans le cadre de la semaine atypique, voyage p\u00e9dagogique de l\u2019Atelier de Dessin et visite du M.I.M.A. \u00a0Le Millennium Iconoclast Museum of Art est un mus\u00e9e inaugur\u00e9 en 2016. Il pr\u00e9sente les \u0153uvres d&rsquo;artistes issus de la<\/p>\n","protected":false},"author":20,"featured_media":1056,"comment_status":"closed","ping_status":"closed","sticky":false,"template":"","format":"standard","meta":{"footnotes":""},"categories":[1],"tags":[],"class_list":["post-1055","post","type-post","status-publish","format-standard","has-post-thumbnail","hentry","category-non-classe"],"_links":{"self":[{"href":"https:\/\/blog.artsaucarre.be\/dessin\/index.php?rest_route=\/wp\/v2\/posts\/1055","targetHints":{"allow":["GET"]}}],"collection":[{"href":"https:\/\/blog.artsaucarre.be\/dessin\/index.php?rest_route=\/wp\/v2\/posts"}],"about":[{"href":"https:\/\/blog.artsaucarre.be\/dessin\/index.php?rest_route=\/wp\/v2\/types\/post"}],"author":[{"embeddable":true,"href":"https:\/\/blog.artsaucarre.be\/dessin\/index.php?rest_route=\/wp\/v2\/users\/20"}],"replies":[{"embeddable":true,"href":"https:\/\/blog.artsaucarre.be\/dessin\/index.php?rest_route=%2Fwp%2Fv2%2Fcomments&post=1055"}],"version-history":[{"count":3,"href":"https:\/\/blog.artsaucarre.be\/dessin\/index.php?rest_route=\/wp\/v2\/posts\/1055\/revisions"}],"predecessor-version":[{"id":1059,"href":"https:\/\/blog.artsaucarre.be\/dessin\/index.php?rest_route=\/wp\/v2\/posts\/1055\/revisions\/1059"}],"wp:featuredmedia":[{"embeddable":true,"href":"https:\/\/blog.artsaucarre.be\/dessin\/index.php?rest_route=\/wp\/v2\/media\/1056"}],"wp:attachment":[{"href":"https:\/\/blog.artsaucarre.be\/dessin\/index.php?rest_route=%2Fwp%2Fv2%2Fmedia&parent=1055"}],"wp:term":[{"taxonomy":"category","embeddable":true,"href":"https:\/\/blog.artsaucarre.be\/dessin\/index.php?rest_route=%2Fwp%2Fv2%2Fcategories&post=1055"},{"taxonomy":"post_tag","embeddable":true,"href":"https:\/\/blog.artsaucarre.be\/dessin\/index.php?rest_route=%2Fwp%2Fv2%2Ftags&post=1055"}],"curies":[{"name":"wp","href":"https:\/\/api.w.org\/{rel}","templated":true}]}}