{"id":988,"date":"2013-10-06T18:10:56","date_gmt":"2013-10-06T17:10:56","guid":{"rendered":"https:\/\/blog.artsaucarre.be\/communicationvisuelle\/?p=988"},"modified":"2013-10-25T10:49:11","modified_gmt":"2013-10-25T09:49:11","slug":"les-migrants-en-europe","status":"publish","type":"post","link":"https:\/\/blog.artsaucarre.be\/communicationvisuelle\/les-migrants-en-europe\/","title":{"rendered":"Les Migrants en Europe"},"content":{"rendered":"<p>L&rsquo;affiche r\u00e9alis\u00e9e par J\u00e9r\u00e9my Serra Guerreiro et Anthony Tabbuso, \u00e9tudiants en 1<sup>re<\/sup> bachelier, est s\u00e9lectionn\u00e9e pour la finale europ\u00e9enne du concours <em>Les Migrants en Europe<\/em> organis\u00e9 par la Commission europ\u00e9enne.<\/p>\n<p><a href=\"https:\/\/blog.artsaucarre.be\/communicationvisuelle\/files\/2013\/10\/1264626_529171170504067_644224069_o.jpg\"><img loading=\"lazy\" decoding=\"async\" class=\"alignnone size-large wp-image-989\" alt=\"Anthony \/ J\u00e9r\u00e9my\" src=\"https:\/\/blog.artsaucarre.be\/communicationvisuelle\/files\/2013\/10\/1264626_529171170504067_644224069_o-768x1024.jpg\" width=\"720\" height=\"960\" srcset=\"https:\/\/blog.artsaucarre.be\/communicationvisuelle\/files\/2013\/10\/1264626_529171170504067_644224069_o-768x1024.jpg 768w, https:\/\/blog.artsaucarre.be\/communicationvisuelle\/files\/2013\/10\/1264626_529171170504067_644224069_o-225x300.jpg 225w, https:\/\/blog.artsaucarre.be\/communicationvisuelle\/files\/2013\/10\/1264626_529171170504067_644224069_o-210x280.jpg 210w, https:\/\/blog.artsaucarre.be\/communicationvisuelle\/files\/2013\/10\/1264626_529171170504067_644224069_o.jpg 1536w\" sizes=\"auto, (max-width: 720px) 100vw, 720px\" \/><\/a><\/p>\n","protected":false},"excerpt":{"rendered":"<p>L&rsquo;affiche r\u00e9alis\u00e9e par J\u00e9r\u00e9my Serra Guerreiro et Anthony Tabbuso, \u00e9tudiants en 1re bachelier, est s\u00e9lectionn\u00e9e pour la finale europ\u00e9enne du concours Les Migrants en Europe organis\u00e9 par la Commission europ\u00e9enne.<\/p>\n","protected":false},"author":22,"featured_media":989,"comment_status":"closed","ping_status":"closed","sticky":false,"template":"","format":"standard","meta":{"footnotes":""},"categories":[7,51],"tags":[54,20,55],"class_list":["post-988","post","type-post","status-publish","format-standard","has-post-thumbnail","hentry","category-activites","category-etudiants","tag-anthony-tabbuso","tag-concours","tag-jeremy-serra-guerreiro"],"_links":{"self":[{"href":"https:\/\/blog.artsaucarre.be\/communicationvisuelle\/wp-json\/wp\/v2\/posts\/988","targetHints":{"allow":["GET"]}}],"collection":[{"href":"https:\/\/blog.artsaucarre.be\/communicationvisuelle\/wp-json\/wp\/v2\/posts"}],"about":[{"href":"https:\/\/blog.artsaucarre.be\/communicationvisuelle\/wp-json\/wp\/v2\/types\/post"}],"author":[{"embeddable":true,"href":"https:\/\/blog.artsaucarre.be\/communicationvisuelle\/wp-json\/wp\/v2\/users\/22"}],"replies":[{"embeddable":true,"href":"https:\/\/blog.artsaucarre.be\/communicationvisuelle\/wp-json\/wp\/v2\/comments?post=988"}],"version-history":[{"count":2,"href":"https:\/\/blog.artsaucarre.be\/communicationvisuelle\/wp-json\/wp\/v2\/posts\/988\/revisions"}],"predecessor-version":[{"id":995,"href":"https:\/\/blog.artsaucarre.be\/communicationvisuelle\/wp-json\/wp\/v2\/posts\/988\/revisions\/995"}],"wp:featuredmedia":[{"embeddable":true,"href":"https:\/\/blog.artsaucarre.be\/communicationvisuelle\/wp-json\/wp\/v2\/media\/989"}],"wp:attachment":[{"href":"https:\/\/blog.artsaucarre.be\/communicationvisuelle\/wp-json\/wp\/v2\/media?parent=988"}],"wp:term":[{"taxonomy":"category","embeddable":true,"href":"https:\/\/blog.artsaucarre.be\/communicationvisuelle\/wp-json\/wp\/v2\/categories?post=988"},{"taxonomy":"post_tag","embeddable":true,"href":"https:\/\/blog.artsaucarre.be\/communicationvisuelle\/wp-json\/wp\/v2\/tags?post=988"}],"curies":[{"name":"wp","href":"https:\/\/api.w.org\/{rel}","templated":true}]}}