{"id":600,"date":"2012-06-11T21:30:02","date_gmt":"2012-06-11T20:30:02","guid":{"rendered":"https:\/\/blog.artsaucarre.be\/communicationvisuelle\/?p=600"},"modified":"2013-10-25T10:49:18","modified_gmt":"2013-10-25T09:49:18","slug":"3-etudiants-primes-au-concours-when-chablis-meets-arts","status":"publish","type":"post","link":"https:\/\/blog.artsaucarre.be\/communicationvisuelle\/3-etudiants-primes-au-concours-when-chablis-meets-arts\/","title":{"rendered":"3 \u00e9tudiants prim\u00e9s au concours When Chablis Meets Arts"},"content":{"rendered":"<p>3 \u0153uvres d&rsquo;\u00e9tudiants de l&rsquo;atelier de Communication visuelle se sont distingu\u00e9es lors de la grande soir\u00e9e organis\u00e9e par les vins de Chablis, \u00ab\u00a0Pure Chablis &amp; Art\u00a0\u00bb.<\/p>\n<p>Une dizaine d\u2019\u00e9tudiants de Master ont mis leur talent et leur cr\u00e9ativit\u00e9 au service du vin de Chablis avec pour unique source d\u2019inspiration: une d\u00e9gustation d\u2019un Chablis. Les \u0153uvres ont \u00e9t\u00e9 d\u00e9voil\u00e9es ce 23 avril au Kwint, sur le Mont des Arts \u00e0 Bruxelles, dans le cadre de la premi\u00e8re \u00e9dition de \u00ab\u00a0When Chablis Meets Arts\u00a0\u00bb organis\u00e9e par le Bureau Interprofessionnel des Vins de Bourgogne (BIVB).<\/p>\n<p>Willy Van den Bussche, cr\u00e9ateur et r\u00e9alisateur de Beaufort 1 et 2, concepteur du Mus\u00e9e d\u2019Art Moderne sur mer \u00e0 Ostende et du Mus\u00e9e Constant Permeke \u00e0 Jabbeke a pr\u00e9sid\u00e9 un jury compos\u00e9 du porte-parole des vins de Chablis Fr\u00e9d\u00e9rique Gueguen, directeur du vignoble du domaine Jean-Marc Brocard, et viticulteur du domaine des Chenevi\u00e8res et Co-pr\u00e9sident de la f\u00e9d\u00e9ration de d\u00e9fense de l\u2019appellation Chablis (syndicat de la viticulture Chablisienne) et de 12 journalistes, blogueurs, chroniqueurs, auteurs. Le jury a not\u00e9 les \u0153uvres sur base de crit\u00e8res tels que l\u2019esth\u00e9tique et l\u2019originalit\u00e9 de l\u2019\u0153uvre, l\u2019\u00e9vocation de la personnalit\u00e9 du Chablis et l\u2019\u00e9motion d\u00e9gag\u00e9e.<\/p>\n<p>Les 3 \u0153uvres retenues par le jury sont:<\/p>\n<p>Premier prix pour Marie-H\u00e9l\u00e8ne Saerens;<br \/>\nDeuxi\u00e8me prix pour Valentin Lev\u00eaque;<br \/>\nTroisi\u00e8me prix pour Sophie Leclercq.<\/p>\n<p>La maquette du projet gagnant de Marie-H\u00e9l\u00e8ne ci-dessous.<\/p>\n<p><a href=\"https:\/\/blog.artsaucarre.be\/communicationvisuelle\/files\/2012\/06\/MHChablis2.jpg\"><img loading=\"lazy\" decoding=\"async\" class=\"alignnone size-full wp-image-661\" title=\"Marie-H\u00e9l\u00e8ne Saerens\" alt=\"Marie-H\u00e9l\u00e8ne Saerens\" src=\"https:\/\/blog.artsaucarre.be\/communicationvisuelle\/files\/2012\/06\/MHChablis2.jpg\" width=\"600\" height=\"402\" srcset=\"https:\/\/blog.artsaucarre.be\/communicationvisuelle\/files\/2012\/06\/MHChablis2.jpg 600w, https:\/\/blog.artsaucarre.be\/communicationvisuelle\/files\/2012\/06\/MHChablis2-300x201.jpg 300w, https:\/\/blog.artsaucarre.be\/communicationvisuelle\/files\/2012\/06\/MHChablis2-210x140.jpg 210w\" sizes=\"auto, (max-width: 600px) 100vw, 600px\" \/><\/a> <a href=\"https:\/\/blog.artsaucarre.be\/communicationvisuelle\/files\/2012\/06\/MHChablis.jpg\"><img loading=\"lazy\" decoding=\"async\" class=\"alignnone size-full wp-image-662\" title=\"Marie-H\u00e9l\u00e8ne Saerens\" alt=\"Marie-H\u00e9l\u00e8ne Saerens\" src=\"https:\/\/blog.artsaucarre.be\/communicationvisuelle\/files\/2012\/06\/MHChablis.jpg\" width=\"600\" height=\"402\" srcset=\"https:\/\/blog.artsaucarre.be\/communicationvisuelle\/files\/2012\/06\/MHChablis.jpg 600w, https:\/\/blog.artsaucarre.be\/communicationvisuelle\/files\/2012\/06\/MHChablis-300x201.jpg 300w, https:\/\/blog.artsaucarre.be\/communicationvisuelle\/files\/2012\/06\/MHChablis-210x140.jpg 210w\" sizes=\"auto, (max-width: 600px) 100vw, 600px\" \/><\/a><\/p>\n","protected":false},"excerpt":{"rendered":"<p>3 \u0153uvres d&rsquo;\u00e9tudiants de l&rsquo;atelier de Communication visuelle se sont distingu\u00e9es lors de la grande soir\u00e9e organis\u00e9e par les vins de Chablis, \u00ab\u00a0Pure Chablis &amp; Art\u00a0\u00bb. Une dizaine d\u2019\u00e9tudiants de Master ont mis leur talent et leur cr\u00e9ativit\u00e9 au service<\/p>\n","protected":false},"author":22,"featured_media":143,"comment_status":"closed","ping_status":"closed","sticky":false,"template":"","format":"standard","meta":{"footnotes":""},"categories":[7],"tags":[20,17,19,18],"class_list":["post-600","post","type-post","status-publish","format-standard","has-post-thumbnail","hentry","category-activites","tag-concours","tag-marie-helene-saerens","tag-sophie-leclercq","tag-valentin-leveque"],"_links":{"self":[{"href":"https:\/\/blog.artsaucarre.be\/communicationvisuelle\/wp-json\/wp\/v2\/posts\/600","targetHints":{"allow":["GET"]}}],"collection":[{"href":"https:\/\/blog.artsaucarre.be\/communicationvisuelle\/wp-json\/wp\/v2\/posts"}],"about":[{"href":"https:\/\/blog.artsaucarre.be\/communicationvisuelle\/wp-json\/wp\/v2\/types\/post"}],"author":[{"embeddable":true,"href":"https:\/\/blog.artsaucarre.be\/communicationvisuelle\/wp-json\/wp\/v2\/users\/22"}],"replies":[{"embeddable":true,"href":"https:\/\/blog.artsaucarre.be\/communicationvisuelle\/wp-json\/wp\/v2\/comments?post=600"}],"version-history":[{"count":6,"href":"https:\/\/blog.artsaucarre.be\/communicationvisuelle\/wp-json\/wp\/v2\/posts\/600\/revisions"}],"predecessor-version":[{"id":1017,"href":"https:\/\/blog.artsaucarre.be\/communicationvisuelle\/wp-json\/wp\/v2\/posts\/600\/revisions\/1017"}],"wp:featuredmedia":[{"embeddable":true,"href":"https:\/\/blog.artsaucarre.be\/communicationvisuelle\/wp-json\/wp\/v2\/media\/143"}],"wp:attachment":[{"href":"https:\/\/blog.artsaucarre.be\/communicationvisuelle\/wp-json\/wp\/v2\/media?parent=600"}],"wp:term":[{"taxonomy":"category","embeddable":true,"href":"https:\/\/blog.artsaucarre.be\/communicationvisuelle\/wp-json\/wp\/v2\/categories?post=600"},{"taxonomy":"post_tag","embeddable":true,"href":"https:\/\/blog.artsaucarre.be\/communicationvisuelle\/wp-json\/wp\/v2\/tags?post=600"}],"curies":[{"name":"wp","href":"https:\/\/api.w.org\/{rel}","templated":true}]}}