{"id":187,"date":"2012-07-15T10:56:51","date_gmt":"2012-07-15T09:56:51","guid":{"rendered":"https:\/\/blog.artsaucarre.be\/communicationvisuelle\/?p=187"},"modified":"2013-10-25T10:49:17","modified_gmt":"2013-10-25T09:49:17","slug":"telemb","status":"publish","type":"post","link":"https:\/\/blog.artsaucarre.be\/communicationvisuelle\/telemb\/","title":{"rendered":"T\u00e9l\u00e9MB"},"content":{"rendered":"<p>Valentin Lev\u00eaque, \u00e9tudiant de Master 2, cr\u00e9e la nouvelle identit\u00e9 graphique de T\u00e9l\u00e9MB, T\u00e9l\u00e9vision locale de Mons-Borinage.<\/p>\n<p>Logo, bien s\u00fbr, mais aussi tous les outils de communication jusqu&rsquo;\u00e0 la signal\u00e9tique et l&rsquo;habillage t\u00e9l\u00e9visuel.<\/p>\n<p><a href=\"https:\/\/blog.artsaucarre.be\/communicationvisuelle\/files\/2012\/07\/carteR.jpg\"><img loading=\"lazy\" decoding=\"async\" class=\"alignnone size-full wp-image-544\" alt=\"carteR\" src=\"https:\/\/blog.artsaucarre.be\/communicationvisuelle\/files\/2012\/07\/carteR.jpg\" width=\"269\" height=\"167\" srcset=\"https:\/\/blog.artsaucarre.be\/communicationvisuelle\/files\/2012\/07\/carteR.jpg 269w, https:\/\/blog.artsaucarre.be\/communicationvisuelle\/files\/2012\/07\/carteR-210x130.jpg 210w\" sizes=\"auto, (max-width: 269px) 100vw, 269px\" \/><\/a> \u00a0\u00a0 <a href=\"https:\/\/blog.artsaucarre.be\/communicationvisuelle\/files\/2012\/07\/carteV.jpg\"><img loading=\"lazy\" decoding=\"async\" class=\"alignnone size-full wp-image-543\" alt=\"carteV\" src=\"https:\/\/blog.artsaucarre.be\/communicationvisuelle\/files\/2012\/07\/carteV.jpg\" width=\"269\" height=\"167\" srcset=\"https:\/\/blog.artsaucarre.be\/communicationvisuelle\/files\/2012\/07\/carteV.jpg 269w, https:\/\/blog.artsaucarre.be\/communicationvisuelle\/files\/2012\/07\/carteV-210x130.jpg 210w\" sizes=\"auto, (max-width: 269px) 100vw, 269px\" \/><\/a> <a href=\"https:\/\/blog.artsaucarre.be\/communicationvisuelle\/files\/2012\/07\/lettre.jpg\"><img loading=\"lazy\" decoding=\"async\" class=\"alignnone size-full wp-image-542\" alt=\"lettre\" src=\"https:\/\/blog.artsaucarre.be\/communicationvisuelle\/files\/2012\/07\/lettre.jpg\" width=\"400\" height=\"567\" srcset=\"https:\/\/blog.artsaucarre.be\/communicationvisuelle\/files\/2012\/07\/lettre.jpg 400w, https:\/\/blog.artsaucarre.be\/communicationvisuelle\/files\/2012\/07\/lettre-211x300.jpg 211w, https:\/\/blog.artsaucarre.be\/communicationvisuelle\/files\/2012\/07\/lettre-210x297.jpg 210w\" sizes=\"auto, (max-width: 400px) 100vw, 400px\" \/><\/a><\/p>\n<p><strong><a href=\"https:\/\/blog.artsaucarre.be\/communicationvisuelle\/files\/2013\/04\/locaux2.png\"><img loading=\"lazy\" decoding=\"async\" class=\"size-full wp-image-221 alignleft\" alt=\"locaux2\" src=\"https:\/\/blog.artsaucarre.be\/communicationvisuelle\/files\/2013\/04\/locaux2.png\" width=\"520\" height=\"348\" srcset=\"https:\/\/blog.artsaucarre.be\/communicationvisuelle\/files\/2013\/04\/locaux2.png 520w, https:\/\/blog.artsaucarre.be\/communicationvisuelle\/files\/2013\/04\/locaux2-300x200.png 300w, https:\/\/blog.artsaucarre.be\/communicationvisuelle\/files\/2013\/04\/locaux2-210x140.png 210w\" sizes=\"auto, (max-width: 520px) 100vw, 520px\" \/><\/a><\/strong><\/p>\n","protected":false},"excerpt":{"rendered":"<p>Valentin Lev\u00eaque, \u00e9tudiant de Master 2, cr\u00e9e la nouvelle identit\u00e9 graphique de T\u00e9l\u00e9MB, T\u00e9l\u00e9vision locale de Mons-Borinage.<\/p>\n","protected":false},"author":18,"featured_media":222,"comment_status":"closed","ping_status":"closed","sticky":false,"template":"","format":"standard","meta":{"footnotes":""},"categories":[7],"tags":[15,14,18],"class_list":["post-187","post","type-post","status-publish","format-standard","has-post-thumbnail","hentry","category-activites","tag-identite-visuelle","tag-logo","tag-valentin-leveque"],"_links":{"self":[{"href":"https:\/\/blog.artsaucarre.be\/communicationvisuelle\/wp-json\/wp\/v2\/posts\/187","targetHints":{"allow":["GET"]}}],"collection":[{"href":"https:\/\/blog.artsaucarre.be\/communicationvisuelle\/wp-json\/wp\/v2\/posts"}],"about":[{"href":"https:\/\/blog.artsaucarre.be\/communicationvisuelle\/wp-json\/wp\/v2\/types\/post"}],"author":[{"embeddable":true,"href":"https:\/\/blog.artsaucarre.be\/communicationvisuelle\/wp-json\/wp\/v2\/users\/18"}],"replies":[{"embeddable":true,"href":"https:\/\/blog.artsaucarre.be\/communicationvisuelle\/wp-json\/wp\/v2\/comments?post=187"}],"version-history":[{"count":6,"href":"https:\/\/blog.artsaucarre.be\/communicationvisuelle\/wp-json\/wp\/v2\/posts\/187\/revisions"}],"predecessor-version":[{"id":1016,"href":"https:\/\/blog.artsaucarre.be\/communicationvisuelle\/wp-json\/wp\/v2\/posts\/187\/revisions\/1016"}],"wp:featuredmedia":[{"embeddable":true,"href":"https:\/\/blog.artsaucarre.be\/communicationvisuelle\/wp-json\/wp\/v2\/media\/222"}],"wp:attachment":[{"href":"https:\/\/blog.artsaucarre.be\/communicationvisuelle\/wp-json\/wp\/v2\/media?parent=187"}],"wp:term":[{"taxonomy":"category","embeddable":true,"href":"https:\/\/blog.artsaucarre.be\/communicationvisuelle\/wp-json\/wp\/v2\/categories?post=187"},{"taxonomy":"post_tag","embeddable":true,"href":"https:\/\/blog.artsaucarre.be\/communicationvisuelle\/wp-json\/wp\/v2\/tags?post=187"}],"curies":[{"name":"wp","href":"https:\/\/api.w.org\/{rel}","templated":true}]}}