{"id":168,"date":"2013-04-09T12:10:20","date_gmt":"2013-04-09T11:10:20","guid":{"rendered":"https:\/\/blog.artsaucarre.be\/communicationvisuelle\/?p=168"},"modified":"2013-10-25T10:49:15","modified_gmt":"2013-10-25T09:49:15","slug":"mj-music","status":"publish","type":"post","link":"https:\/\/blog.artsaucarre.be\/communicationvisuelle\/mj-music\/","title":{"rendered":"MJ Music"},"content":{"rendered":"<p>MJ Music reprend les diff\u00e9rentes informations sur les activit\u00e9s et actualit\u00e9s musicales des Maisons de Jeunes en Communaut\u00e9 fran\u00e7aise de Belgique.<\/p>\n<p>Cette association se dote d&rsquo;un nouvel outil: un bus itin\u00e9rant pour aider les jeunes artistes musiciens \u00e0 d\u00e9velopper leurs projets. Les \u00e9tudiants de l&rsquo;atelier on \u00e9t\u00e9 sollicit\u00e9s pour cr\u00e9er l&rsquo;habillage graphique de ce bus.<\/p>\n<address><a title=\"MJ Music\" href=\"http:\/\/www.mj-music.be\" target=\"_blank\">http:\/\/www.mj-music.be<\/a>\u00a0<\/address>\n","protected":false},"excerpt":{"rendered":"<p>MJ Music reprend les diff\u00e9rentes informations sur les activit\u00e9s et actualit\u00e9s musicales des Maisons de Jeunes en Communaut\u00e9 fran\u00e7aise de Belgique. Cette association se dote d&rsquo;un nouvel outil: un bus itin\u00e9rant pour aider les jeunes artistes musiciens \u00e0 d\u00e9velopper leurs<\/p>\n","protected":false},"author":18,"featured_media":530,"comment_status":"closed","ping_status":"closed","sticky":false,"template":"","format":"standard","meta":{"footnotes":""},"categories":[7],"tags":[30],"class_list":["post-168","post","type-post","status-publish","format-standard","has-post-thumbnail","hentry","category-activites","tag-commande"],"_links":{"self":[{"href":"https:\/\/blog.artsaucarre.be\/communicationvisuelle\/wp-json\/wp\/v2\/posts\/168","targetHints":{"allow":["GET"]}}],"collection":[{"href":"https:\/\/blog.artsaucarre.be\/communicationvisuelle\/wp-json\/wp\/v2\/posts"}],"about":[{"href":"https:\/\/blog.artsaucarre.be\/communicationvisuelle\/wp-json\/wp\/v2\/types\/post"}],"author":[{"embeddable":true,"href":"https:\/\/blog.artsaucarre.be\/communicationvisuelle\/wp-json\/wp\/v2\/users\/18"}],"replies":[{"embeddable":true,"href":"https:\/\/blog.artsaucarre.be\/communicationvisuelle\/wp-json\/wp\/v2\/comments?post=168"}],"version-history":[{"count":10,"href":"https:\/\/blog.artsaucarre.be\/communicationvisuelle\/wp-json\/wp\/v2\/posts\/168\/revisions"}],"predecessor-version":[{"id":1010,"href":"https:\/\/blog.artsaucarre.be\/communicationvisuelle\/wp-json\/wp\/v2\/posts\/168\/revisions\/1010"}],"wp:featuredmedia":[{"embeddable":true,"href":"https:\/\/blog.artsaucarre.be\/communicationvisuelle\/wp-json\/wp\/v2\/media\/530"}],"wp:attachment":[{"href":"https:\/\/blog.artsaucarre.be\/communicationvisuelle\/wp-json\/wp\/v2\/media?parent=168"}],"wp:term":[{"taxonomy":"category","embeddable":true,"href":"https:\/\/blog.artsaucarre.be\/communicationvisuelle\/wp-json\/wp\/v2\/categories?post=168"},{"taxonomy":"post_tag","embeddable":true,"href":"https:\/\/blog.artsaucarre.be\/communicationvisuelle\/wp-json\/wp\/v2\/tags?post=168"}],"curies":[{"name":"wp","href":"https:\/\/api.w.org\/{rel}","templated":true}]}}