{"id":147,"date":"2013-03-22T18:11:06","date_gmt":"2013-03-22T17:11:06","guid":{"rendered":"https:\/\/blog.artsaucarre.be\/communicationvisuelle\/?p=147"},"modified":"2013-10-25T10:49:16","modified_gmt":"2013-10-25T09:49:16","slug":"carole-duflos-cedric-lambot-julien-lepoivre-et-olivier-ramu-festival-resonate-belgrade-serbie","status":"publish","type":"post","link":"https:\/\/blog.artsaucarre.be\/communicationvisuelle\/carole-duflos-cedric-lambot-julien-lepoivre-et-olivier-ramu-festival-resonate-belgrade-serbie\/","title":{"rendered":"Carole Duflos, Cedric Lambot, Julien Lepoivre et Olivier Ramu @ Festival Resonate \u2013 Belgrade (Serbie)"},"content":{"rendered":"<p>Suite au Prix du Jury re\u00e7u lors du <a title=\"kikk.be\" href=\"http:\/\/www.kikk.be\/2012\/\">Kikk Festival 2012<\/a> de Namur avec leur projet <a title=\"team3.kikk.be\" href=\"http:\/\/team3.kikk.be\/\">Anesidora<\/a>, Carole Duflos (Communication Visuelle), Cedric Lambot (Arts Num\u00e9riques), Julien Lepoivre (Arts Num\u00e9riques) et Olivier Ramu (Arts Num\u00e9riques) participeront au Festival <a title=\"resonate.io\" href=\"http:\/\/resonate.io\/2013\/\">Resonate<\/a> \u00e0 Belgrade (Serbie) du 21 au 23 mars 2013.<\/p>\n","protected":false},"excerpt":{"rendered":"<p>Suite au Prix du Jury re\u00e7u lors du Kikk Festival 2012 de Namur avec leur projet Anesidora, Carole Duflos (Communication Visuelle), Cedric Lambot (Arts Num\u00e9riques), Julien Lepoivre (Arts Num\u00e9riques) et Olivier Ramu (Arts Num\u00e9riques) participeront au Festival Resonate \u00e0 Belgrade<\/p>\n","protected":false},"author":18,"featured_media":472,"comment_status":"closed","ping_status":"closed","sticky":false,"template":"","format":"standard","meta":{"footnotes":""},"categories":[7],"tags":[20],"class_list":["post-147","post","type-post","status-publish","format-standard","has-post-thumbnail","hentry","category-activites","tag-concours"],"_links":{"self":[{"href":"https:\/\/blog.artsaucarre.be\/communicationvisuelle\/wp-json\/wp\/v2\/posts\/147","targetHints":{"allow":["GET"]}}],"collection":[{"href":"https:\/\/blog.artsaucarre.be\/communicationvisuelle\/wp-json\/wp\/v2\/posts"}],"about":[{"href":"https:\/\/blog.artsaucarre.be\/communicationvisuelle\/wp-json\/wp\/v2\/types\/post"}],"author":[{"embeddable":true,"href":"https:\/\/blog.artsaucarre.be\/communicationvisuelle\/wp-json\/wp\/v2\/users\/18"}],"replies":[{"embeddable":true,"href":"https:\/\/blog.artsaucarre.be\/communicationvisuelle\/wp-json\/wp\/v2\/comments?post=147"}],"version-history":[{"count":6,"href":"https:\/\/blog.artsaucarre.be\/communicationvisuelle\/wp-json\/wp\/v2\/posts\/147\/revisions"}],"predecessor-version":[{"id":149,"href":"https:\/\/blog.artsaucarre.be\/communicationvisuelle\/wp-json\/wp\/v2\/posts\/147\/revisions\/149"}],"wp:featuredmedia":[{"embeddable":true,"href":"https:\/\/blog.artsaucarre.be\/communicationvisuelle\/wp-json\/wp\/v2\/media\/472"}],"wp:attachment":[{"href":"https:\/\/blog.artsaucarre.be\/communicationvisuelle\/wp-json\/wp\/v2\/media?parent=147"}],"wp:term":[{"taxonomy":"category","embeddable":true,"href":"https:\/\/blog.artsaucarre.be\/communicationvisuelle\/wp-json\/wp\/v2\/categories?post=147"},{"taxonomy":"post_tag","embeddable":true,"href":"https:\/\/blog.artsaucarre.be\/communicationvisuelle\/wp-json\/wp\/v2\/tags?post=147"}],"curies":[{"name":"wp","href":"https:\/\/api.w.org\/{rel}","templated":true}]}}