{"id":1060,"date":"2013-12-18T11:06:08","date_gmt":"2013-12-18T10:06:08","guid":{"rendered":"https:\/\/blog.artsaucarre.be\/communicationvisuelle\/?p=1060"},"modified":"2014-03-23T13:48:46","modified_gmt":"2014-03-23T12:48:46","slug":"14-18-bilbiotheque-centrale-du-brabant-wallon","status":"publish","type":"post","link":"https:\/\/blog.artsaucarre.be\/communicationvisuelle\/14-18-bilbiotheque-centrale-du-brabant-wallon\/","title":{"rendered":"14-18 \/ Bilbioth\u00e8que centrale du Brabant wallon"},"content":{"rendered":"<p>Les \u00e9tudiants de Master 1 et 2 de l&rsquo;atelier ont \u00e9t\u00e9 invit\u00e9s \u00e0 participer au concours lanc\u00e9 par la Biblioth\u00e8que centrale du Brabant wallon pour la cr\u00e9ation de 2 ouvrages traitant de la Grande Guerre.<\/p>\n<p>Les projets de Gautier Aelvoet (M2) ont \u00e9t\u00e9 retenus et seront donc \u00e9dit\u00e9s prochainement. Chlo\u00e9 Magotteaux (M1) s&rsquo;est vue attribuer une mention sp\u00e9ciale par le jury.<\/p>\n<p><a href=\"https:\/\/blog.artsaucarre.be\/communicationvisuelle\/files\/2013\/12\/1418nivelles-thumb.jpg\"><img loading=\"lazy\" decoding=\"async\" class=\"alignnone size-full wp-image-1066\" title=\"La Guerre 14-18 dans la litt\u00e9rature dialectiale \/ Gautier Aelvoet\" alt=\"1418nivelles-thumb\" src=\"https:\/\/blog.artsaucarre.be\/communicationvisuelle\/files\/2013\/12\/1418nivelles-thumb.jpg\" width=\"288\" height=\"398\" srcset=\"https:\/\/blog.artsaucarre.be\/communicationvisuelle\/files\/2013\/12\/1418nivelles-thumb.jpg 288w, https:\/\/blog.artsaucarre.be\/communicationvisuelle\/files\/2013\/12\/1418nivelles-thumb-217x300.jpg 217w, https:\/\/blog.artsaucarre.be\/communicationvisuelle\/files\/2013\/12\/1418nivelles-thumb-210x290.jpg 210w\" sizes=\"auto, (max-width: 288px) 100vw, 288px\" \/><\/a><\/p>\n","protected":false},"excerpt":{"rendered":"<p>Les \u00e9tudiants de Master 1 et 2 de l&rsquo;atelier ont \u00e9t\u00e9 invit\u00e9s \u00e0 participer au concours lanc\u00e9 par la Biblioth\u00e8que centrale du Brabant wallon pour la cr\u00e9ation de 2 ouvrages traitant de la Grande Guerre. Les projets de Gautier Aelvoet<\/p>\n","protected":false},"author":22,"featured_media":1066,"comment_status":"closed","ping_status":"open","sticky":false,"template":"","format":"standard","meta":{"footnotes":""},"categories":[51],"tags":[59,62,20,43],"class_list":["post-1060","post","type-post","status-publish","format-standard","has-post-thumbnail","hentry","category-etudiants","tag-14-18","tag-chloe-magotteaux","tag-concours","tag-gautier-aelvoet"],"_links":{"self":[{"href":"https:\/\/blog.artsaucarre.be\/communicationvisuelle\/wp-json\/wp\/v2\/posts\/1060","targetHints":{"allow":["GET"]}}],"collection":[{"href":"https:\/\/blog.artsaucarre.be\/communicationvisuelle\/wp-json\/wp\/v2\/posts"}],"about":[{"href":"https:\/\/blog.artsaucarre.be\/communicationvisuelle\/wp-json\/wp\/v2\/types\/post"}],"author":[{"embeddable":true,"href":"https:\/\/blog.artsaucarre.be\/communicationvisuelle\/wp-json\/wp\/v2\/users\/22"}],"replies":[{"embeddable":true,"href":"https:\/\/blog.artsaucarre.be\/communicationvisuelle\/wp-json\/wp\/v2\/comments?post=1060"}],"version-history":[{"count":7,"href":"https:\/\/blog.artsaucarre.be\/communicationvisuelle\/wp-json\/wp\/v2\/posts\/1060\/revisions"}],"predecessor-version":[{"id":1075,"href":"https:\/\/blog.artsaucarre.be\/communicationvisuelle\/wp-json\/wp\/v2\/posts\/1060\/revisions\/1075"}],"wp:featuredmedia":[{"embeddable":true,"href":"https:\/\/blog.artsaucarre.be\/communicationvisuelle\/wp-json\/wp\/v2\/media\/1066"}],"wp:attachment":[{"href":"https:\/\/blog.artsaucarre.be\/communicationvisuelle\/wp-json\/wp\/v2\/media?parent=1060"}],"wp:term":[{"taxonomy":"category","embeddable":true,"href":"https:\/\/blog.artsaucarre.be\/communicationvisuelle\/wp-json\/wp\/v2\/categories?post=1060"},{"taxonomy":"post_tag","embeddable":true,"href":"https:\/\/blog.artsaucarre.be\/communicationvisuelle\/wp-json\/wp\/v2\/tags?post=1060"}],"curies":[{"name":"wp","href":"https:\/\/api.w.org\/{rel}","templated":true}]}}