{"id":1055,"date":"2014-01-23T11:00:40","date_gmt":"2014-01-23T10:00:40","guid":{"rendered":"https:\/\/blog.artsaucarre.be\/communicationvisuelle\/?p=1055"},"modified":"2014-03-23T11:04:48","modified_gmt":"2014-03-23T10:04:48","slug":"centre-culturel-de-frameries","status":"publish","type":"post","link":"https:\/\/blog.artsaucarre.be\/communicationvisuelle\/centre-culturel-de-frameries\/","title":{"rendered":"Centre culturel de Frameries"},"content":{"rendered":"<p>Gautier Aelvoet, \u00e9tudiant de Master 2, a remport\u00e9 le concours organis\u00e9 par le Centre culturel de Frameries pour la cr\u00e9ation de son nouveau logo.<\/p>\n<p><a href=\"https:\/\/blog.artsaucarre.be\/communicationvisuelle\/files\/2014\/03\/centre-culturel-frameries.png\"><img loading=\"lazy\" decoding=\"async\" class=\"alignnone  wp-image-1058\" title=\"Centre culturel de Frameries \/ Gautier Aelvoet\" alt=\"centre-culturel-frameries\" src=\"https:\/\/blog.artsaucarre.be\/communicationvisuelle\/files\/2014\/03\/centre-culturel-frameries.png\" width=\"400\" height=\"240\" srcset=\"https:\/\/blog.artsaucarre.be\/communicationvisuelle\/files\/2014\/03\/centre-culturel-frameries.png 400w, https:\/\/blog.artsaucarre.be\/communicationvisuelle\/files\/2014\/03\/centre-culturel-frameries-300x180.png 300w, https:\/\/blog.artsaucarre.be\/communicationvisuelle\/files\/2014\/03\/centre-culturel-frameries-210x126.png 210w\" sizes=\"auto, (max-width: 400px) 100vw, 400px\" \/><\/a><\/p>\n","protected":false},"excerpt":{"rendered":"<p>Gautier Aelvoet, \u00e9tudiant de Master 2, a remport\u00e9 le concours organis\u00e9 par le Centre culturel de Frameries pour la cr\u00e9ation de son nouveau logo.<\/p>\n","protected":false},"author":22,"featured_media":1058,"comment_status":"closed","ping_status":"open","sticky":false,"template":"","format":"standard","meta":{"footnotes":""},"categories":[51],"tags":[20,61,43],"class_list":["post-1055","post","type-post","status-publish","format-standard","has-post-thumbnail","hentry","category-etudiants","tag-concours","tag-frameries","tag-gautier-aelvoet"],"_links":{"self":[{"href":"https:\/\/blog.artsaucarre.be\/communicationvisuelle\/wp-json\/wp\/v2\/posts\/1055","targetHints":{"allow":["GET"]}}],"collection":[{"href":"https:\/\/blog.artsaucarre.be\/communicationvisuelle\/wp-json\/wp\/v2\/posts"}],"about":[{"href":"https:\/\/blog.artsaucarre.be\/communicationvisuelle\/wp-json\/wp\/v2\/types\/post"}],"author":[{"embeddable":true,"href":"https:\/\/blog.artsaucarre.be\/communicationvisuelle\/wp-json\/wp\/v2\/users\/22"}],"replies":[{"embeddable":true,"href":"https:\/\/blog.artsaucarre.be\/communicationvisuelle\/wp-json\/wp\/v2\/comments?post=1055"}],"version-history":[{"count":2,"href":"https:\/\/blog.artsaucarre.be\/communicationvisuelle\/wp-json\/wp\/v2\/posts\/1055\/revisions"}],"predecessor-version":[{"id":1059,"href":"https:\/\/blog.artsaucarre.be\/communicationvisuelle\/wp-json\/wp\/v2\/posts\/1055\/revisions\/1059"}],"wp:featuredmedia":[{"embeddable":true,"href":"https:\/\/blog.artsaucarre.be\/communicationvisuelle\/wp-json\/wp\/v2\/media\/1058"}],"wp:attachment":[{"href":"https:\/\/blog.artsaucarre.be\/communicationvisuelle\/wp-json\/wp\/v2\/media?parent=1055"}],"wp:term":[{"taxonomy":"category","embeddable":true,"href":"https:\/\/blog.artsaucarre.be\/communicationvisuelle\/wp-json\/wp\/v2\/categories?post=1055"},{"taxonomy":"post_tag","embeddable":true,"href":"https:\/\/blog.artsaucarre.be\/communicationvisuelle\/wp-json\/wp\/v2\/tags?post=1055"}],"curies":[{"name":"wp","href":"https:\/\/api.w.org\/{rel}","templated":true}]}}