{"id":46,"date":"2013-02-13T16:15:35","date_gmt":"2013-02-13T15:15:35","guid":{"rendered":"https:\/\/blog.artsaucarre.be\/artsnumeriques\/?p=46"},"modified":"2014-06-26T12:08:53","modified_gmt":"2014-06-26T11:08:53","slug":"michel-cleempoel","status":"publish","type":"post","link":"https:\/\/blog.artsaucarre.be\/artsnumeriques\/2013\/02\/13\/michel-cleempoel\/","title":{"rendered":"Michel Cleempoel"},"content":{"rendered":"<p>Professeur responsable de la finalit\u00e9 d&rsquo;Arts num\u00e9riques.<\/p>\n<p>Artiste au d\u00e9part orient\u00e9 vers l&rsquo;image imprim\u00e9e, il a utilis\u00e9 progressivement les nouvelles technologies num\u00e9riques dans son travail cr\u00e9atif et en a \u00e9tendu le champ \u00e0 d&rsquo;autres domaines : installation, interactivit\u00e9, animation, web, programmation &#8230;<br \/>\nIl expose r\u00e9guli\u00e8rement en Belgique et \u00e0 l&rsquo;\u00e9tranger.<\/p>\n<p>Dipl\u00f4m\u00e9 de l&rsquo;ENSAV-la Cambre en 1987, il a enseign\u00e9 l&rsquo;infographie et les arts num\u00e9riques dans plusieurs \u00e9coles (HEAJ-Namur, Acad\u00e9mie des Beaux-Arts, ENSAV-la Cambre, ESAAT-Roubaix&#8230;). L&rsquo;objectif du cours est de faire acqu\u00e9rir par les \u00e9tudiant(e)s la ma\u00eetrise des outils num\u00e9riques (ordinateur, p\u00e9riph\u00e9riques, r\u00e9seau, logiciels, langages &#8230;) et la compr\u00e9hension des concepts (animation, mouvement, interactivit\u00e9 &#8230;) par une s\u00e9rie des travaux cr\u00e9atifs d&rsquo;initiation et le d\u00e9veloppement progressif de projets personnels utilisant l&rsquo;ensemble des outils contemporains et num\u00e9riques. La formation vise \u00e0 donner \u00e0 l\u2019\u00e9tudiant(e) un niveau cr\u00e9atif et technique performant lui permettant de s\u2019ins\u00e9rer dans de nombreux domaines professionnels.<\/p>\n<ul>\n<li><a href=\"http:\/\/michelcleempoel.net\">Site personnel<\/a><\/li>\n<li><a href=\"http:\/\/arts-numeriques.net\">Ressources Num\u00e9riques<\/a><\/li>\n<li><a href=\"mailto:michel.cleempoel@artsaucarre.be\"> Contact<\/a><\/li>\n<\/ul>\n","protected":false},"excerpt":{"rendered":"<p>Professeur responsable de la finalit\u00e9 d&rsquo;Arts num\u00e9riques. Artiste au d\u00e9part orient\u00e9 vers l&rsquo;image imprim\u00e9e, il a utilis\u00e9 progressivement les nouvelles technologies num\u00e9riques dans son travail cr\u00e9atif et en a \u00e9tendu le champ \u00e0 d&rsquo;autres domaines : installation, interactivit\u00e9, animation, web,<\/p>\n","protected":false},"author":2,"featured_media":241,"comment_status":"closed","ping_status":"closed","sticky":false,"template":"","format":"standard","meta":{"footnotes":""},"categories":[37],"tags":[],"class_list":["post-46","post","type-post","status-publish","format-standard","has-post-thumbnail","hentry","category-equipe"],"_links":{"self":[{"href":"https:\/\/blog.artsaucarre.be\/artsnumeriques\/wp-json\/wp\/v2\/posts\/46","targetHints":{"allow":["GET"]}}],"collection":[{"href":"https:\/\/blog.artsaucarre.be\/artsnumeriques\/wp-json\/wp\/v2\/posts"}],"about":[{"href":"https:\/\/blog.artsaucarre.be\/artsnumeriques\/wp-json\/wp\/v2\/types\/post"}],"author":[{"embeddable":true,"href":"https:\/\/blog.artsaucarre.be\/artsnumeriques\/wp-json\/wp\/v2\/users\/2"}],"replies":[{"embeddable":true,"href":"https:\/\/blog.artsaucarre.be\/artsnumeriques\/wp-json\/wp\/v2\/comments?post=46"}],"version-history":[{"count":17,"href":"https:\/\/blog.artsaucarre.be\/artsnumeriques\/wp-json\/wp\/v2\/posts\/46\/revisions"}],"predecessor-version":[{"id":48,"href":"https:\/\/blog.artsaucarre.be\/artsnumeriques\/wp-json\/wp\/v2\/posts\/46\/revisions\/48"}],"wp:featuredmedia":[{"embeddable":true,"href":"https:\/\/blog.artsaucarre.be\/artsnumeriques\/wp-json\/wp\/v2\/media\/241"}],"wp:attachment":[{"href":"https:\/\/blog.artsaucarre.be\/artsnumeriques\/wp-json\/wp\/v2\/media?parent=46"}],"wp:term":[{"taxonomy":"category","embeddable":true,"href":"https:\/\/blog.artsaucarre.be\/artsnumeriques\/wp-json\/wp\/v2\/categories?post=46"},{"taxonomy":"post_tag","embeddable":true,"href":"https:\/\/blog.artsaucarre.be\/artsnumeriques\/wp-json\/wp\/v2\/tags?post=46"}],"curies":[{"name":"wp","href":"https:\/\/api.w.org\/{rel}","templated":true}]}}