{"id":3788,"date":"2019-05-20T09:56:08","date_gmt":"2019-05-20T08:56:08","guid":{"rendered":"https:\/\/blog.artsaucarre.be\/artsnumeriques\/?p=3788"},"modified":"2019-06-05T14:22:58","modified_gmt":"2019-06-05T13:22:58","slug":"letters-from-ada-de-gavin-sobnack-salle-saint-georges-mons-23-290519","status":"publish","type":"post","link":"https:\/\/blog.artsaucarre.be\/artsnumeriques\/2019\/05\/20\/letters-from-ada-de-gavin-sobnack-salle-saint-georges-mons-23-290519\/","title":{"rendered":"\u00ab\u00a0Letters from Ada\u00a0\u00bb de Gavin Sobnack @ Salle Saint-Georges &#8211; Mons &#8211; 23 > 29\/05\/19"},"content":{"rendered":"<p><a href=\"https:\/\/blog.artsaucarre.be\/artsnumeriques\/2019\/05\/20\/letters-from-ada-de-gavin-sobnack-salle-saint-georges-mons-23-290519\/ada\/\" rel=\"attachment wp-att-3789\"><img loading=\"lazy\" decoding=\"async\" class=\"aligncenter size-full wp-image-3789\" src=\"https:\/\/blog.artsaucarre.be\/artsnumeriques\/files\/2019\/05\/ada.jpg\" alt=\"ada\" width=\"720\" height=\"1018\" srcset=\"https:\/\/blog.artsaucarre.be\/artsnumeriques\/files\/2019\/05\/ada.jpg 720w, https:\/\/blog.artsaucarre.be\/artsnumeriques\/files\/2019\/05\/ada-212x300.jpg 212w, https:\/\/blog.artsaucarre.be\/artsnumeriques\/files\/2019\/05\/ada-210x297.jpg 210w\" sizes=\"auto, (max-width: 720px) 100vw, 720px\" \/><\/a>La\u00a0<a href=\"http:\/\/www.sallesaintgeorges.mons.be\/\" target=\"_blank\" rel=\"noopener\"><strong>Salle Saint-Georges<\/strong>\u00a0<\/a>(Grand\u2019Place Mons) accueille du jeudi 23 au mercredi 29 mai 2019 \u201c<strong>Letters from Ada<\/strong>\u201c, l\u2019exposition de\u00a0<a href=\"https:\/\/www.gavinsob.be\/\" target=\"_blank\" rel=\"noopener\"><strong>Gavin Sobnack<\/strong><\/a>.<\/p>\n<p>Gavin est dipl\u00f4m\u00e9 de l\u2019option\u00a0<a href=\"http:\/\/www.artsaucarre.be\/arts-visuels\/options\/arts-numeriques\/presentation-de-loption\/\" target=\"_blank\" rel=\"noopener\">Arts num\u00e9riques<\/a>\u00a0en juin 2018 (laur\u00e9at du prix des Arts visuels d\u2019ARTS\u00b2 qui lui a d\u00e9j\u00e0 valu une exposition \u00e0 Osaka \/\u00a0<a href=\"https:\/\/www.kindai.ac.jp\/english\/\" target=\"_blank\" rel=\"noopener\">Kinda\u00ef University<\/a>\u2013 Japon).<\/p>\n<p>Nous vous attendons nombreux pour le vernissage de l\u2019exposition ce jeudi 23 mai \u00e0 partir de 17h.<\/p>\n<p>Entr\u00e9e libre!<\/p>\n<p>Quelques photos de l&rsquo;exposition :<\/p>\n<p><a href=\"https:\/\/blog.artsaucarre.be\/artsnumeriques\/2019\/05\/20\/letters-from-ada-de-gavin-sobnack-salle-saint-georges-mons-23-290519\/lfada_st_georges_1\/\" rel=\"attachment wp-att-3797\"><img loading=\"lazy\" decoding=\"async\" class=\"aligncenter size-full wp-image-3797\" src=\"https:\/\/blog.artsaucarre.be\/artsnumeriques\/files\/2019\/05\/LFADA_st_georges_1.jpg\" alt=\"LFADA_st_georges_1\" width=\"720\" height=\"406\" srcset=\"https:\/\/blog.artsaucarre.be\/artsnumeriques\/files\/2019\/05\/LFADA_st_georges_1.jpg 720w, https:\/\/blog.artsaucarre.be\/artsnumeriques\/files\/2019\/05\/LFADA_st_georges_1-300x169.jpg 300w, https:\/\/blog.artsaucarre.be\/artsnumeriques\/files\/2019\/05\/LFADA_st_georges_1-210x118.jpg 210w\" sizes=\"auto, (max-width: 720px) 100vw, 720px\" \/><\/a> <a href=\"https:\/\/blog.artsaucarre.be\/artsnumeriques\/2019\/05\/20\/letters-from-ada-de-gavin-sobnack-salle-saint-georges-mons-23-290519\/lfada_st_georges_2\/\" rel=\"attachment wp-att-3798\"><img loading=\"lazy\" decoding=\"async\" class=\"aligncenter size-full wp-image-3798\" src=\"https:\/\/blog.artsaucarre.be\/artsnumeriques\/files\/2019\/05\/LFADA_st_georges_2.jpg\" alt=\"LFADA_st_georges_2\" width=\"720\" height=\"406\" srcset=\"https:\/\/blog.artsaucarre.be\/artsnumeriques\/files\/2019\/05\/LFADA_st_georges_2.jpg 720w, https:\/\/blog.artsaucarre.be\/artsnumeriques\/files\/2019\/05\/LFADA_st_georges_2-300x169.jpg 300w, https:\/\/blog.artsaucarre.be\/artsnumeriques\/files\/2019\/05\/LFADA_st_georges_2-210x118.jpg 210w\" sizes=\"auto, (max-width: 720px) 100vw, 720px\" \/><\/a> <a href=\"https:\/\/blog.artsaucarre.be\/artsnumeriques\/2019\/05\/20\/letters-from-ada-de-gavin-sobnack-salle-saint-georges-mons-23-290519\/lfada_st_georges_3\/\" rel=\"attachment wp-att-3799\"><img loading=\"lazy\" decoding=\"async\" class=\"aligncenter size-full wp-image-3799\" src=\"https:\/\/blog.artsaucarre.be\/artsnumeriques\/files\/2019\/05\/LFADA_st_georges_3.jpg\" alt=\"LFADA_st_georges_3\" width=\"720\" height=\"406\" srcset=\"https:\/\/blog.artsaucarre.be\/artsnumeriques\/files\/2019\/05\/LFADA_st_georges_3.jpg 720w, https:\/\/blog.artsaucarre.be\/artsnumeriques\/files\/2019\/05\/LFADA_st_georges_3-300x169.jpg 300w, https:\/\/blog.artsaucarre.be\/artsnumeriques\/files\/2019\/05\/LFADA_st_georges_3-210x118.jpg 210w\" sizes=\"auto, (max-width: 720px) 100vw, 720px\" \/><\/a> <a href=\"https:\/\/blog.artsaucarre.be\/artsnumeriques\/2019\/05\/20\/letters-from-ada-de-gavin-sobnack-salle-saint-georges-mons-23-290519\/lfada_st_georges_4\/\" rel=\"attachment wp-att-3800\"><img loading=\"lazy\" decoding=\"async\" class=\"aligncenter size-full wp-image-3800\" src=\"https:\/\/blog.artsaucarre.be\/artsnumeriques\/files\/2019\/05\/LFADA_st_georges_4.jpg\" alt=\"LFADA_st_georges_4\" width=\"720\" height=\"406\" srcset=\"https:\/\/blog.artsaucarre.be\/artsnumeriques\/files\/2019\/05\/LFADA_st_georges_4.jpg 720w, https:\/\/blog.artsaucarre.be\/artsnumeriques\/files\/2019\/05\/LFADA_st_georges_4-300x169.jpg 300w, https:\/\/blog.artsaucarre.be\/artsnumeriques\/files\/2019\/05\/LFADA_st_georges_4-210x118.jpg 210w\" sizes=\"auto, (max-width: 720px) 100vw, 720px\" \/><\/a> <a href=\"https:\/\/blog.artsaucarre.be\/artsnumeriques\/2019\/05\/20\/letters-from-ada-de-gavin-sobnack-salle-saint-georges-mons-23-290519\/lfada_st_georges_5\/\" rel=\"attachment wp-att-3801\"><img loading=\"lazy\" decoding=\"async\" class=\"aligncenter size-full wp-image-3801\" src=\"https:\/\/blog.artsaucarre.be\/artsnumeriques\/files\/2019\/05\/LFADA_st_georges_5.jpg\" alt=\"LFADA_st_georges_5\" width=\"720\" height=\"406\" srcset=\"https:\/\/blog.artsaucarre.be\/artsnumeriques\/files\/2019\/05\/LFADA_st_georges_5.jpg 720w, https:\/\/blog.artsaucarre.be\/artsnumeriques\/files\/2019\/05\/LFADA_st_georges_5-300x169.jpg 300w, https:\/\/blog.artsaucarre.be\/artsnumeriques\/files\/2019\/05\/LFADA_st_georges_5-210x118.jpg 210w\" sizes=\"auto, (max-width: 720px) 100vw, 720px\" \/><\/a> <a href=\"https:\/\/blog.artsaucarre.be\/artsnumeriques\/2019\/05\/20\/letters-from-ada-de-gavin-sobnack-salle-saint-georges-mons-23-290519\/lfada_st_georges_6\/\" rel=\"attachment wp-att-3802\"><img loading=\"lazy\" decoding=\"async\" class=\"aligncenter size-full wp-image-3802\" src=\"https:\/\/blog.artsaucarre.be\/artsnumeriques\/files\/2019\/05\/LFADA_st_georges_6.jpg\" alt=\"LFADA_st_georges_6\" width=\"720\" height=\"406\" srcset=\"https:\/\/blog.artsaucarre.be\/artsnumeriques\/files\/2019\/05\/LFADA_st_georges_6.jpg 720w, https:\/\/blog.artsaucarre.be\/artsnumeriques\/files\/2019\/05\/LFADA_st_georges_6-300x169.jpg 300w, https:\/\/blog.artsaucarre.be\/artsnumeriques\/files\/2019\/05\/LFADA_st_georges_6-210x118.jpg 210w\" sizes=\"auto, (max-width: 720px) 100vw, 720px\" \/><\/a> <a href=\"https:\/\/blog.artsaucarre.be\/artsnumeriques\/2019\/05\/20\/letters-from-ada-de-gavin-sobnack-salle-saint-georges-mons-23-290519\/lfada_st_georges_7\/\" rel=\"attachment wp-att-3803\"><img loading=\"lazy\" decoding=\"async\" class=\"aligncenter size-full wp-image-3803\" src=\"https:\/\/blog.artsaucarre.be\/artsnumeriques\/files\/2019\/05\/LFADA_st_georges_7.jpg\" alt=\"LFADA_st_georges_7\" width=\"720\" height=\"406\" srcset=\"https:\/\/blog.artsaucarre.be\/artsnumeriques\/files\/2019\/05\/LFADA_st_georges_7.jpg 720w, https:\/\/blog.artsaucarre.be\/artsnumeriques\/files\/2019\/05\/LFADA_st_georges_7-300x169.jpg 300w, https:\/\/blog.artsaucarre.be\/artsnumeriques\/files\/2019\/05\/LFADA_st_georges_7-210x118.jpg 210w\" sizes=\"auto, (max-width: 720px) 100vw, 720px\" \/><\/a> <a href=\"https:\/\/blog.artsaucarre.be\/artsnumeriques\/2019\/05\/20\/letters-from-ada-de-gavin-sobnack-salle-saint-georges-mons-23-290519\/lfada_st_georges_9\/\" rel=\"attachment wp-att-3804\"><img loading=\"lazy\" decoding=\"async\" class=\"aligncenter size-full wp-image-3804\" src=\"https:\/\/blog.artsaucarre.be\/artsnumeriques\/files\/2019\/05\/LFADA_st_georges_9.jpg\" alt=\"LFADA_st_georges_9\" width=\"720\" height=\"1336\" srcset=\"https:\/\/blog.artsaucarre.be\/artsnumeriques\/files\/2019\/05\/LFADA_st_georges_9.jpg 720w, https:\/\/blog.artsaucarre.be\/artsnumeriques\/files\/2019\/05\/LFADA_st_georges_9-162x300.jpg 162w, https:\/\/blog.artsaucarre.be\/artsnumeriques\/files\/2019\/05\/LFADA_st_georges_9-552x1024.jpg 552w, https:\/\/blog.artsaucarre.be\/artsnumeriques\/files\/2019\/05\/LFADA_st_georges_9-210x390.jpg 210w\" sizes=\"auto, (max-width: 720px) 100vw, 720px\" \/><\/a> <a href=\"https:\/\/blog.artsaucarre.be\/artsnumeriques\/2019\/05\/20\/letters-from-ada-de-gavin-sobnack-salle-saint-georges-mons-23-290519\/lfada_st_georges_10\/\" rel=\"attachment wp-att-3805\"><img loading=\"lazy\" decoding=\"async\" class=\"aligncenter size-full wp-image-3805\" src=\"https:\/\/blog.artsaucarre.be\/artsnumeriques\/files\/2019\/05\/LFADA_st_georges_10.jpg\" alt=\"LFADA_st_georges_10\" width=\"720\" height=\"448\" srcset=\"https:\/\/blog.artsaucarre.be\/artsnumeriques\/files\/2019\/05\/LFADA_st_georges_10.jpg 720w, https:\/\/blog.artsaucarre.be\/artsnumeriques\/files\/2019\/05\/LFADA_st_georges_10-300x187.jpg 300w, https:\/\/blog.artsaucarre.be\/artsnumeriques\/files\/2019\/05\/LFADA_st_georges_10-210x131.jpg 210w\" sizes=\"auto, (max-width: 720px) 100vw, 720px\" \/><\/a> <a href=\"https:\/\/blog.artsaucarre.be\/artsnumeriques\/2019\/05\/20\/letters-from-ada-de-gavin-sobnack-salle-saint-georges-mons-23-290519\/lfada_st_georges_11\/\" rel=\"attachment wp-att-3806\"><img loading=\"lazy\" decoding=\"async\" class=\"aligncenter size-full wp-image-3806\" src=\"https:\/\/blog.artsaucarre.be\/artsnumeriques\/files\/2019\/05\/LFADA_st_georges_11.jpg\" alt=\"LFADA_st_georges_11\" width=\"720\" height=\"406\" srcset=\"https:\/\/blog.artsaucarre.be\/artsnumeriques\/files\/2019\/05\/LFADA_st_georges_11.jpg 720w, https:\/\/blog.artsaucarre.be\/artsnumeriques\/files\/2019\/05\/LFADA_st_georges_11-300x169.jpg 300w, https:\/\/blog.artsaucarre.be\/artsnumeriques\/files\/2019\/05\/LFADA_st_georges_11-210x118.jpg 210w\" sizes=\"auto, (max-width: 720px) 100vw, 720px\" \/><\/a> <a href=\"https:\/\/blog.artsaucarre.be\/artsnumeriques\/2019\/05\/20\/letters-from-ada-de-gavin-sobnack-salle-saint-georges-mons-23-290519\/lfada_st_georges_12\/\" rel=\"attachment wp-att-3807\"><img loading=\"lazy\" decoding=\"async\" class=\"aligncenter size-full wp-image-3807\" src=\"https:\/\/blog.artsaucarre.be\/artsnumeriques\/files\/2019\/05\/LFADA_st_georges_12.jpg\" alt=\"LFADA_st_georges_12\" width=\"720\" height=\"406\" srcset=\"https:\/\/blog.artsaucarre.be\/artsnumeriques\/files\/2019\/05\/LFADA_st_georges_12.jpg 720w, https:\/\/blog.artsaucarre.be\/artsnumeriques\/files\/2019\/05\/LFADA_st_georges_12-300x169.jpg 300w, https:\/\/blog.artsaucarre.be\/artsnumeriques\/files\/2019\/05\/LFADA_st_georges_12-210x118.jpg 210w\" sizes=\"auto, (max-width: 720px) 100vw, 720px\" \/><\/a> <a href=\"https:\/\/blog.artsaucarre.be\/artsnumeriques\/2019\/05\/20\/letters-from-ada-de-gavin-sobnack-salle-saint-georges-mons-23-290519\/lfada_st_georges_13\/\" rel=\"attachment wp-att-3808\"><img loading=\"lazy\" decoding=\"async\" class=\"aligncenter size-full wp-image-3808\" src=\"https:\/\/blog.artsaucarre.be\/artsnumeriques\/files\/2019\/05\/LFADA_st_georges_13.jpg\" alt=\"LFADA_st_georges_13\" width=\"720\" height=\"406\" srcset=\"https:\/\/blog.artsaucarre.be\/artsnumeriques\/files\/2019\/05\/LFADA_st_georges_13.jpg 720w, https:\/\/blog.artsaucarre.be\/artsnumeriques\/files\/2019\/05\/LFADA_st_georges_13-300x169.jpg 300w, https:\/\/blog.artsaucarre.be\/artsnumeriques\/files\/2019\/05\/LFADA_st_georges_13-210x118.jpg 210w\" sizes=\"auto, (max-width: 720px) 100vw, 720px\" \/><\/a> <a href=\"https:\/\/blog.artsaucarre.be\/artsnumeriques\/2019\/05\/20\/letters-from-ada-de-gavin-sobnack-salle-saint-georges-mons-23-290519\/lfada_st_georges_14\/\" rel=\"attachment wp-att-3809\"><img loading=\"lazy\" decoding=\"async\" class=\"aligncenter size-full wp-image-3809\" src=\"https:\/\/blog.artsaucarre.be\/artsnumeriques\/files\/2019\/05\/LFADA_st_georges_14.jpg\" alt=\"LFADA_st_georges_14\" width=\"720\" height=\"406\" srcset=\"https:\/\/blog.artsaucarre.be\/artsnumeriques\/files\/2019\/05\/LFADA_st_georges_14.jpg 720w, https:\/\/blog.artsaucarre.be\/artsnumeriques\/files\/2019\/05\/LFADA_st_georges_14-300x169.jpg 300w, https:\/\/blog.artsaucarre.be\/artsnumeriques\/files\/2019\/05\/LFADA_st_georges_14-210x118.jpg 210w\" sizes=\"auto, (max-width: 720px) 100vw, 720px\" \/><\/a> <a href=\"https:\/\/blog.artsaucarre.be\/artsnumeriques\/2019\/05\/20\/letters-from-ada-de-gavin-sobnack-salle-saint-georges-mons-23-290519\/lfada_st_georges_15\/\" rel=\"attachment wp-att-3810\"><img loading=\"lazy\" decoding=\"async\" class=\"aligncenter size-full wp-image-3810\" src=\"https:\/\/blog.artsaucarre.be\/artsnumeriques\/files\/2019\/05\/LFADA_st_georges_15.jpg\" alt=\"LFADA_st_georges_15\" width=\"720\" height=\"406\" srcset=\"https:\/\/blog.artsaucarre.be\/artsnumeriques\/files\/2019\/05\/LFADA_st_georges_15.jpg 720w, https:\/\/blog.artsaucarre.be\/artsnumeriques\/files\/2019\/05\/LFADA_st_georges_15-300x169.jpg 300w, https:\/\/blog.artsaucarre.be\/artsnumeriques\/files\/2019\/05\/LFADA_st_georges_15-210x118.jpg 210w\" sizes=\"auto, (max-width: 720px) 100vw, 720px\" \/><\/a> <a href=\"https:\/\/blog.artsaucarre.be\/artsnumeriques\/2019\/05\/20\/letters-from-ada-de-gavin-sobnack-salle-saint-georges-mons-23-290519\/lfada_st_georges_17\/\" rel=\"attachment wp-att-3811\"><img loading=\"lazy\" decoding=\"async\" class=\"aligncenter size-full wp-image-3811\" src=\"https:\/\/blog.artsaucarre.be\/artsnumeriques\/files\/2019\/05\/LFADA_st_georges_17.jpg\" alt=\"LFADA_st_georges_17\" width=\"720\" height=\"406\" srcset=\"https:\/\/blog.artsaucarre.be\/artsnumeriques\/files\/2019\/05\/LFADA_st_georges_17.jpg 720w, https:\/\/blog.artsaucarre.be\/artsnumeriques\/files\/2019\/05\/LFADA_st_georges_17-300x169.jpg 300w, https:\/\/blog.artsaucarre.be\/artsnumeriques\/files\/2019\/05\/LFADA_st_georges_17-210x118.jpg 210w\" sizes=\"auto, (max-width: 720px) 100vw, 720px\" \/><\/a> <a href=\"https:\/\/blog.artsaucarre.be\/artsnumeriques\/2019\/05\/20\/letters-from-ada-de-gavin-sobnack-salle-saint-georges-mons-23-290519\/lfada_st_georges_18\/\" rel=\"attachment wp-att-3812\"><img loading=\"lazy\" decoding=\"async\" class=\"aligncenter size-full wp-image-3812\" src=\"https:\/\/blog.artsaucarre.be\/artsnumeriques\/files\/2019\/05\/LFADA_st_georges_18.jpg\" alt=\"LFADA_st_georges_18\" width=\"720\" height=\"406\" srcset=\"https:\/\/blog.artsaucarre.be\/artsnumeriques\/files\/2019\/05\/LFADA_st_georges_18.jpg 720w, https:\/\/blog.artsaucarre.be\/artsnumeriques\/files\/2019\/05\/LFADA_st_georges_18-300x169.jpg 300w, https:\/\/blog.artsaucarre.be\/artsnumeriques\/files\/2019\/05\/LFADA_st_georges_18-210x118.jpg 210w\" sizes=\"auto, (max-width: 720px) 100vw, 720px\" \/><\/a> <a href=\"https:\/\/blog.artsaucarre.be\/artsnumeriques\/2019\/05\/20\/letters-from-ada-de-gavin-sobnack-salle-saint-georges-mons-23-290519\/lfada_st_georges_19\/\" rel=\"attachment wp-att-3813\"><img loading=\"lazy\" decoding=\"async\" class=\"aligncenter size-full wp-image-3813\" src=\"https:\/\/blog.artsaucarre.be\/artsnumeriques\/files\/2019\/05\/LFADA_st_georges_19.jpg\" alt=\"LFADA_st_georges_19\" width=\"720\" height=\"406\" srcset=\"https:\/\/blog.artsaucarre.be\/artsnumeriques\/files\/2019\/05\/LFADA_st_georges_19.jpg 720w, https:\/\/blog.artsaucarre.be\/artsnumeriques\/files\/2019\/05\/LFADA_st_georges_19-300x169.jpg 300w, https:\/\/blog.artsaucarre.be\/artsnumeriques\/files\/2019\/05\/LFADA_st_georges_19-210x118.jpg 210w\" sizes=\"auto, (max-width: 720px) 100vw, 720px\" \/><\/a> <a href=\"https:\/\/blog.artsaucarre.be\/artsnumeriques\/2019\/05\/20\/letters-from-ada-de-gavin-sobnack-salle-saint-georges-mons-23-290519\/lfada_st_georges_20\/\" rel=\"attachment wp-att-3814\"><img loading=\"lazy\" decoding=\"async\" class=\"aligncenter size-full wp-image-3814\" src=\"https:\/\/blog.artsaucarre.be\/artsnumeriques\/files\/2019\/05\/LFADA_st_georges_20.jpg\" alt=\"LFADA_st_georges_20\" width=\"720\" height=\"1278\" srcset=\"https:\/\/blog.artsaucarre.be\/artsnumeriques\/files\/2019\/05\/LFADA_st_georges_20.jpg 720w, https:\/\/blog.artsaucarre.be\/artsnumeriques\/files\/2019\/05\/LFADA_st_georges_20-169x300.jpg 169w, https:\/\/blog.artsaucarre.be\/artsnumeriques\/files\/2019\/05\/LFADA_st_georges_20-577x1024.jpg 577w, https:\/\/blog.artsaucarre.be\/artsnumeriques\/files\/2019\/05\/LFADA_st_georges_20-210x373.jpg 210w\" sizes=\"auto, (max-width: 720px) 100vw, 720px\" \/><\/a> <a href=\"https:\/\/blog.artsaucarre.be\/artsnumeriques\/2019\/05\/20\/letters-from-ada-de-gavin-sobnack-salle-saint-georges-mons-23-290519\/lfada_st_georges_21\/\" rel=\"attachment wp-att-3815\"><img loading=\"lazy\" decoding=\"async\" class=\"aligncenter size-full wp-image-3815\" src=\"https:\/\/blog.artsaucarre.be\/artsnumeriques\/files\/2019\/05\/LFADA_st_georges_21.jpg\" alt=\"LFADA_st_georges_21\" width=\"720\" height=\"406\" srcset=\"https:\/\/blog.artsaucarre.be\/artsnumeriques\/files\/2019\/05\/LFADA_st_georges_21.jpg 720w, https:\/\/blog.artsaucarre.be\/artsnumeriques\/files\/2019\/05\/LFADA_st_georges_21-300x169.jpg 300w, https:\/\/blog.artsaucarre.be\/artsnumeriques\/files\/2019\/05\/LFADA_st_georges_21-210x118.jpg 210w\" sizes=\"auto, (max-width: 720px) 100vw, 720px\" \/><\/a> <a href=\"https:\/\/blog.artsaucarre.be\/artsnumeriques\/2019\/05\/20\/letters-from-ada-de-gavin-sobnack-salle-saint-georges-mons-23-290519\/lfada_st_georges_22\/\" rel=\"attachment wp-att-3816\"><img loading=\"lazy\" decoding=\"async\" class=\"aligncenter size-full wp-image-3816\" src=\"https:\/\/blog.artsaucarre.be\/artsnumeriques\/files\/2019\/05\/LFADA_st_georges_22.jpg\" alt=\"LFADA_st_georges_22\" width=\"720\" height=\"406\" srcset=\"https:\/\/blog.artsaucarre.be\/artsnumeriques\/files\/2019\/05\/LFADA_st_georges_22.jpg 720w, https:\/\/blog.artsaucarre.be\/artsnumeriques\/files\/2019\/05\/LFADA_st_georges_22-300x169.jpg 300w, https:\/\/blog.artsaucarre.be\/artsnumeriques\/files\/2019\/05\/LFADA_st_georges_22-210x118.jpg 210w\" sizes=\"auto, (max-width: 720px) 100vw, 720px\" \/><\/a> <a href=\"https:\/\/blog.artsaucarre.be\/artsnumeriques\/2019\/05\/20\/letters-from-ada-de-gavin-sobnack-salle-saint-georges-mons-23-290519\/lfada_st_georges_gavin\/\" rel=\"attachment wp-att-3817\"><img loading=\"lazy\" decoding=\"async\" class=\"aligncenter size-full wp-image-3817\" src=\"https:\/\/blog.artsaucarre.be\/artsnumeriques\/files\/2019\/05\/LFADA_st_georges_gavin.jpg\" alt=\"LFADA_st_georges_gavin\" width=\"720\" height=\"1154\" srcset=\"https:\/\/blog.artsaucarre.be\/artsnumeriques\/files\/2019\/05\/LFADA_st_georges_gavin.jpg 720w, https:\/\/blog.artsaucarre.be\/artsnumeriques\/files\/2019\/05\/LFADA_st_georges_gavin-187x300.jpg 187w, https:\/\/blog.artsaucarre.be\/artsnumeriques\/files\/2019\/05\/LFADA_st_georges_gavin-639x1024.jpg 639w, https:\/\/blog.artsaucarre.be\/artsnumeriques\/files\/2019\/05\/LFADA_st_georges_gavin-210x337.jpg 210w\" sizes=\"auto, (max-width: 720px) 100vw, 720px\" \/><\/a><\/p>\n","protected":false},"excerpt":{"rendered":"<p>La\u00a0Salle Saint-Georges\u00a0(Grand\u2019Place Mons) accueille du jeudi 23 au mercredi 29 mai 2019 \u201cLetters from Ada\u201c, l\u2019exposition de\u00a0Gavin Sobnack. Gavin est dipl\u00f4m\u00e9 de l\u2019option\u00a0Arts num\u00e9riques\u00a0en juin 2018 (laur\u00e9at du prix des Arts visuels d\u2019ARTS\u00b2 qui lui a d\u00e9j\u00e0 valu une exposition<\/p>\n","protected":false},"author":2,"featured_media":3789,"comment_status":"closed","ping_status":"closed","sticky":false,"template":"","format":"standard","meta":{"footnotes":""},"categories":[43],"tags":[],"class_list":["post-3788","post","type-post","status-publish","format-standard","has-post-thumbnail","hentry","category-alumni"],"_links":{"self":[{"href":"https:\/\/blog.artsaucarre.be\/artsnumeriques\/wp-json\/wp\/v2\/posts\/3788","targetHints":{"allow":["GET"]}}],"collection":[{"href":"https:\/\/blog.artsaucarre.be\/artsnumeriques\/wp-json\/wp\/v2\/posts"}],"about":[{"href":"https:\/\/blog.artsaucarre.be\/artsnumeriques\/wp-json\/wp\/v2\/types\/post"}],"author":[{"embeddable":true,"href":"https:\/\/blog.artsaucarre.be\/artsnumeriques\/wp-json\/wp\/v2\/users\/2"}],"replies":[{"embeddable":true,"href":"https:\/\/blog.artsaucarre.be\/artsnumeriques\/wp-json\/wp\/v2\/comments?post=3788"}],"version-history":[{"count":4,"href":"https:\/\/blog.artsaucarre.be\/artsnumeriques\/wp-json\/wp\/v2\/posts\/3788\/revisions"}],"predecessor-version":[{"id":3819,"href":"https:\/\/blog.artsaucarre.be\/artsnumeriques\/wp-json\/wp\/v2\/posts\/3788\/revisions\/3819"}],"wp:featuredmedia":[{"embeddable":true,"href":"https:\/\/blog.artsaucarre.be\/artsnumeriques\/wp-json\/wp\/v2\/media\/3789"}],"wp:attachment":[{"href":"https:\/\/blog.artsaucarre.be\/artsnumeriques\/wp-json\/wp\/v2\/media?parent=3788"}],"wp:term":[{"taxonomy":"category","embeddable":true,"href":"https:\/\/blog.artsaucarre.be\/artsnumeriques\/wp-json\/wp\/v2\/categories?post=3788"},{"taxonomy":"post_tag","embeddable":true,"href":"https:\/\/blog.artsaucarre.be\/artsnumeriques\/wp-json\/wp\/v2\/tags?post=3788"}],"curies":[{"name":"wp","href":"https:\/\/api.w.org\/{rel}","templated":true}]}}