{"id":3612,"date":"2018-09-19T12:33:00","date_gmt":"2018-09-19T11:33:00","guid":{"rendered":"https:\/\/blog.artsaucarre.be\/artsnumeriques\/?p=3612"},"modified":"2018-09-19T12:33:00","modified_gmt":"2018-09-19T11:33:00","slug":"conferencedialogue-avec-sebastien-lacomblez-021018","status":"publish","type":"post","link":"https:\/\/blog.artsaucarre.be\/artsnumeriques\/2018\/09\/19\/conferencedialogue-avec-sebastien-lacomblez-021018\/","title":{"rendered":"Conf\u00e9rence\/Dialogue avec S\u00e9bastien Lacomblez &#8211; 02\/10\/18"},"content":{"rendered":"<p>L\u2019approche artistique de S\u00e9bastien Lacomblez se base sur une pr\u00e9misse tr\u00e8s simple : l\u2019homme est un animal culturellement conditionn\u00e9, qui tente de d\u00e9passer sa condition en tentant de dominer la et sa nature. En tant qu\u2019artiste, tout son travail consiste \u00e0 brouiller les lignes entre le naturel et l\u2019artificiel, afin de souligner la nature arbitraire de nos jugements et de nos perceptions. Pour ce faire, il transcende les connaissances cloisonn\u00e9es, passe de la biologie \u00e0 la sociologie, de la philosophie \u00e0 la cybern\u00e9tique. Sa pratique artistique transdisciplinaire replace la r\u00e9volution num\u00e9rique dans sa v\u00e9ritable optique : non une rupture, mais la continuation d\u2019un processus, de vie et de mort, de nature et de fabrication d\u2019artefacts, en perp\u00e9tuelle \u00e9volution.<\/p>\n<p><a href=\"https:\/\/blog.artsaucarre.be\/artsnumeriques\/2018\/09\/19\/conferencedialogue-avec-sebastien-lacomblez-021018\/attachment\/1217\/\" rel=\"attachment wp-att-3613\"><img loading=\"lazy\" decoding=\"async\" class=\"aligncenter size-full wp-image-3613\" src=\"https:\/\/blog.artsaucarre.be\/artsnumeriques\/files\/2018\/09\/1217.jpg\" alt=\"1217\" width=\"1024\" height=\"683\" srcset=\"https:\/\/blog.artsaucarre.be\/artsnumeriques\/files\/2018\/09\/1217.jpg 1024w, https:\/\/blog.artsaucarre.be\/artsnumeriques\/files\/2018\/09\/1217-300x200.jpg 300w, https:\/\/blog.artsaucarre.be\/artsnumeriques\/files\/2018\/09\/1217-768x512.jpg 768w, https:\/\/blog.artsaucarre.be\/artsnumeriques\/files\/2018\/09\/1217-210x140.jpg 210w\" sizes=\"auto, (max-width: 1024px) 100vw, 1024px\" \/><\/a><br \/>\nS\u00e9bastien Lacomblez est dipl\u00f4m\u00e9 de l\u2019Ecole Sup\u00e9rieure des Arts Plastiques et Visuels de Mons, au sein de laquelle il a obtenu un master en arts visuels et de l\u2019espace \u00e0 finalit\u00e9 \u00abarts num\u00e9riques\u00bb. Depuis, il assume la direction artistique de nombreux projets interdisciplinaires en Belgique comme \u00e0 l\u2019\u00e9tranger.<\/p>\n<p>Informations pratiques:<br \/>\nAu Palais \/ Place L\u00e9opold \/ Arlon<br \/>\nMardi 2 octobre 2018 \u00e0 18h<br \/>\nEntr\u00e9e libre<\/p>\n<p><a href=\"http:\/\/www.caclb.be\/fr\/programmation\/stages\/conference-dialogue\">http:\/\/www.caclb.be\/fr\/programmation\/stages\/conference-dialogue<\/a><\/p>\n","protected":false},"excerpt":{"rendered":"<p>L\u2019approche artistique de S\u00e9bastien Lacomblez se base sur une pr\u00e9misse tr\u00e8s simple : l\u2019homme est un animal culturellement conditionn\u00e9, qui tente de d\u00e9passer sa condition en tentant de dominer la et sa nature. En tant qu\u2019artiste, tout son travail consiste<\/p>\n","protected":false},"author":2,"featured_media":3613,"comment_status":"closed","ping_status":"closed","sticky":false,"template":"","format":"standard","meta":{"footnotes":""},"categories":[43],"tags":[],"class_list":["post-3612","post","type-post","status-publish","format-standard","has-post-thumbnail","hentry","category-alumni"],"_links":{"self":[{"href":"https:\/\/blog.artsaucarre.be\/artsnumeriques\/wp-json\/wp\/v2\/posts\/3612","targetHints":{"allow":["GET"]}}],"collection":[{"href":"https:\/\/blog.artsaucarre.be\/artsnumeriques\/wp-json\/wp\/v2\/posts"}],"about":[{"href":"https:\/\/blog.artsaucarre.be\/artsnumeriques\/wp-json\/wp\/v2\/types\/post"}],"author":[{"embeddable":true,"href":"https:\/\/blog.artsaucarre.be\/artsnumeriques\/wp-json\/wp\/v2\/users\/2"}],"replies":[{"embeddable":true,"href":"https:\/\/blog.artsaucarre.be\/artsnumeriques\/wp-json\/wp\/v2\/comments?post=3612"}],"version-history":[{"count":2,"href":"https:\/\/blog.artsaucarre.be\/artsnumeriques\/wp-json\/wp\/v2\/posts\/3612\/revisions"}],"predecessor-version":[{"id":3615,"href":"https:\/\/blog.artsaucarre.be\/artsnumeriques\/wp-json\/wp\/v2\/posts\/3612\/revisions\/3615"}],"wp:featuredmedia":[{"embeddable":true,"href":"https:\/\/blog.artsaucarre.be\/artsnumeriques\/wp-json\/wp\/v2\/media\/3613"}],"wp:attachment":[{"href":"https:\/\/blog.artsaucarre.be\/artsnumeriques\/wp-json\/wp\/v2\/media?parent=3612"}],"wp:term":[{"taxonomy":"category","embeddable":true,"href":"https:\/\/blog.artsaucarre.be\/artsnumeriques\/wp-json\/wp\/v2\/categories?post=3612"},{"taxonomy":"post_tag","embeddable":true,"href":"https:\/\/blog.artsaucarre.be\/artsnumeriques\/wp-json\/wp\/v2\/tags?post=3612"}],"curies":[{"name":"wp","href":"https:\/\/api.w.org\/{rel}","templated":true}]}}