{"id":2882,"date":"2016-09-18T13:13:44","date_gmt":"2016-09-18T12:13:44","guid":{"rendered":"https:\/\/blog.artsaucarre.be\/artsnumeriques\/?p=2882"},"modified":"2016-09-21T19:53:24","modified_gmt":"2016-09-21T18:53:24","slug":"panorama-bps22-sebastien-lacomblez-michel-cleempoel-240916-220117","status":"publish","type":"post","link":"https:\/\/blog.artsaucarre.be\/artsnumeriques\/2016\/09\/18\/panorama-bps22-sebastien-lacomblez-michel-cleempoel-240916-220117\/","title":{"rendered":"Panorama @ BPS22 : S\u00e9bastien Lacomblez &#038; Michel Cleempoel &#8211; 24\/09\/16 > 22\/01\/17"},"content":{"rendered":"<p>En parall\u00e8le \u00e0 <a href=\"http:\/\/www.bps22.be\/fr\/Expositions\/Metamorphic-earth\">Metamorphic Earth<\/a>, <a href=\"http:\/\/www.bps22.be\/fr\/Expositions\/Panorama\">Panorama<\/a> revisite le genre du paysage au travers d&rsquo;une s\u00e9lection d&rsquo;\u0153uvres contemporaines issues de la collection de la Province de Hainaut. Les \u0153uvres choisies font ainsi \u00e9cho au rapport qu&rsquo;entretient l&rsquo;homme \u00e0 la nature, au d\u00e9cor et \u00e0 son environnement. L&rsquo;exposition rassemble une quarantaine d&rsquo;artistes dont certains \u00e9toffent le propos avec des pi\u00e8ces r\u00e9centes (hors collection). Au d\u00e9part d&rsquo;une multitude de points de vue, r\u00e9els ou imaginaires, Panorama aborde le d\u00e9sir de rationaliser l&rsquo;espace, de le personnifier, de l&rsquo;appr\u00e9hender ou de le dominer.<\/p>\n<p><a href=\"https:\/\/blog.artsaucarre.be\/artsnumeriques\/2016\/09\/01\/panorama-bps22-sebastien-lacomblez-michel-cleempoel-240916-220117\/panorama\/\" rel=\"attachment wp-att-2884\"><img loading=\"lazy\" decoding=\"async\" class=\"aligncenter size-full wp-image-2884\" src=\"https:\/\/blog.artsaucarre.be\/artsnumeriques\/files\/2016\/08\/panorama.jpg\" alt=\"panorama\" width=\"720\" height=\"480\" srcset=\"https:\/\/blog.artsaucarre.be\/artsnumeriques\/files\/2016\/08\/panorama.jpg 720w, https:\/\/blog.artsaucarre.be\/artsnumeriques\/files\/2016\/08\/panorama-300x200.jpg 300w, https:\/\/blog.artsaucarre.be\/artsnumeriques\/files\/2016\/08\/panorama-210x140.jpg 210w\" sizes=\"auto, (max-width: 720px) 100vw, 720px\" \/><\/a>Curatrice : Nancy Casielles<\/p>\n<p>Artistes : Gabriel Belgeonne, Balthasar Burkhard, Marie-Ange Cambruzzi, Jacques Charlier, <a href=\"https:\/\/blog.artsaucarre.be\/artsnumeriques\/2013\/02\/13\/michel-cleempoel\/\">Michel Cleempoel<\/a>, Michel Couturier, Michael Dans, Edith Dekyndt, Simona Denicolai &amp; Ivo Provoost, David Evrard, Christine Felten &amp; V\u00e9ronique Massinger, Michel Francois, Michel Fr\u00e8re, Bruno Goosse, Louise Herlemont, Marin Kasimir, Jan Kopp, <a href=\"http:\/\/sebastien-lacomblez.com\/\">S\u00e9bastien Lacomblez<\/a>, Fr\u00e9d\u00e9ric Lefever, Jacques Liz\u00e8ne, Emilio L\u00f3pez- Menchero, Jean-Marie Mahieu, Xavier Mary, Deimantas Narkevicius, Juan Paparella, Pol Pierart, Benoit Plat\u00e9us, Eric Poitevin, Beno\u00eet Roussel, Ruptz, Mira Sanders, Franck Scurti, Allan Sekula, Jos\u00e9 Maria Sicilia, Andr\u00e9 Stas, Thierry Tillier, Massimo Vitali.<\/p>\n<p>Du 24.09.2016 au 22.01.2017<br \/>\nBoulevard Solvay 22 &#8211; 6000 Charleroi<\/p>\n<p>+ d\u2019infos &gt; <a href=\"http:\/\/www.bps22.be\/fr\/Expositions\/Panorama\">http:\/\/www.bps22.be\/fr\/Expositions\/Panorama<\/a><\/p>\n","protected":false},"excerpt":{"rendered":"<p>En parall\u00e8le \u00e0 Metamorphic Earth, Panorama revisite le genre du paysage au travers d&rsquo;une s\u00e9lection d&rsquo;\u0153uvres contemporaines issues de la collection de la Province de Hainaut. Les \u0153uvres choisies font ainsi \u00e9cho au rapport qu&rsquo;entretient l&rsquo;homme \u00e0 la nature, au<\/p>\n","protected":false},"author":2,"featured_media":2884,"comment_status":"closed","ping_status":"closed","sticky":false,"template":"","format":"standard","meta":{"footnotes":""},"categories":[43,37],"tags":[],"class_list":["post-2882","post","type-post","status-publish","format-standard","has-post-thumbnail","hentry","category-alumni","category-equipe"],"_links":{"self":[{"href":"https:\/\/blog.artsaucarre.be\/artsnumeriques\/wp-json\/wp\/v2\/posts\/2882","targetHints":{"allow":["GET"]}}],"collection":[{"href":"https:\/\/blog.artsaucarre.be\/artsnumeriques\/wp-json\/wp\/v2\/posts"}],"about":[{"href":"https:\/\/blog.artsaucarre.be\/artsnumeriques\/wp-json\/wp\/v2\/types\/post"}],"author":[{"embeddable":true,"href":"https:\/\/blog.artsaucarre.be\/artsnumeriques\/wp-json\/wp\/v2\/users\/2"}],"replies":[{"embeddable":true,"href":"https:\/\/blog.artsaucarre.be\/artsnumeriques\/wp-json\/wp\/v2\/comments?post=2882"}],"version-history":[{"count":4,"href":"https:\/\/blog.artsaucarre.be\/artsnumeriques\/wp-json\/wp\/v2\/posts\/2882\/revisions"}],"predecessor-version":[{"id":2898,"href":"https:\/\/blog.artsaucarre.be\/artsnumeriques\/wp-json\/wp\/v2\/posts\/2882\/revisions\/2898"}],"wp:featuredmedia":[{"embeddable":true,"href":"https:\/\/blog.artsaucarre.be\/artsnumeriques\/wp-json\/wp\/v2\/media\/2884"}],"wp:attachment":[{"href":"https:\/\/blog.artsaucarre.be\/artsnumeriques\/wp-json\/wp\/v2\/media?parent=2882"}],"wp:term":[{"taxonomy":"category","embeddable":true,"href":"https:\/\/blog.artsaucarre.be\/artsnumeriques\/wp-json\/wp\/v2\/categories?post=2882"},{"taxonomy":"post_tag","embeddable":true,"href":"https:\/\/blog.artsaucarre.be\/artsnumeriques\/wp-json\/wp\/v2\/tags?post=2882"}],"curies":[{"name":"wp","href":"https:\/\/api.w.org\/{rel}","templated":true}]}}