{"id":2839,"date":"2016-05-01T12:41:45","date_gmt":"2016-05-01T11:41:45","guid":{"rendered":"https:\/\/blog.artsaucarre.be\/artsnumeriques\/?p=2839"},"modified":"2016-05-18T12:42:07","modified_gmt":"2016-05-18T11:42:07","slug":"optimum-park-conference-de-sebastien-lacomblez-270516","status":"publish","type":"post","link":"https:\/\/blog.artsaucarre.be\/artsnumeriques\/2016\/05\/01\/optimum-park-conference-de-sebastien-lacomblez-270516\/","title":{"rendered":"Optimum Park &#8211; Conf\u00e9rence de S\u00e9bastien Lacomblez &#8211; 27\/05\/16"},"content":{"rendered":"<p>\u00ab Aux confins des arts num\u00e9riques, <a href=\"http:\/\/www.optimum-park.com\">Optimum Park <\/a>est un dispositif exp\u00e9rientiel visant l&rsquo;optimisation totale de ses participants. Ouvert \u00e0 tous et con\u00e7u pour ne laisser aucune place au spectatoriat, il catalyse des actions favorisant l&rsquo;am\u00e9lioration des performances individuelles et sociales. Contre l&rsquo;appauvrissement des matrices quotidiennes, il vise par la transe sans transe, ou l&rsquo;ivresse sans ivresse, une perception extatique et ultrasensible du r\u00e9el sans r\u00e9el \u00bb.<\/p>\n<p><a href=\"https:\/\/blog.artsaucarre.be\/artsnumeriques\/2016\/05\/18\/optimum-park-conference-de-sebastien-lacomblez-270516\/optimum720\/\" rel=\"attachment wp-att-2840\"><img loading=\"lazy\" decoding=\"async\" class=\"aligncenter size-full wp-image-2840\" src=\"https:\/\/blog.artsaucarre.be\/artsnumeriques\/files\/2016\/05\/optimum720.jpg\" alt=\"optimum720\" width=\"720\" height=\"479\" srcset=\"https:\/\/blog.artsaucarre.be\/artsnumeriques\/files\/2016\/05\/optimum720.jpg 720w, https:\/\/blog.artsaucarre.be\/artsnumeriques\/files\/2016\/05\/optimum720-300x200.jpg 300w, https:\/\/blog.artsaucarre.be\/artsnumeriques\/files\/2016\/05\/optimum720-210x140.jpg 210w\" sizes=\"auto, (max-width: 720px) 100vw, 720px\" \/><\/a><\/p>\n<p>Pr\u00e9sent\u00e9 lors de r\u00e9sidences, festivals, et sous la forme d\u2019un dispositif de performance autonome au sein d\u2019institutions culturelles en Belgique et en France, OPTIMUM PARK propose \u00e0 l\u2019automne 2016 deux actualisations du \u00ab parc \u00bb : au Palais de Tokyo (Paris) le 3 septembre, et \u00e0 Charleroi Danse le week-end du 7-9 octobre. En guise de \u00ab teaser \u00bb pour annoncer ces \u00e9v\u00e9nements et engager la phase d\u2019inscription, l\u2019\u00e9quipe du projet pr\u00e9sente, au travers d\u2019une analyse plurielle, multidimensionnelle et performative, la structure et substance de ce parc : \u00e0 d\u00e9couvrir le 27 mai au PointCulture Bruxelles.<\/p>\n<p>Vendredi 27 mai \u00e0 20:00<br \/>\nPointCulture &#8211; Bruxelles<br \/>\nRue Royale, 145, 1000 R\u00e9gion de Bruxelles-Capitale<br \/>\nhttps:\/\/www.facebook.com\/events\/983032658443815\/<\/p>\n","protected":false},"excerpt":{"rendered":"<p>\u00ab Aux confins des arts num\u00e9riques, Optimum Park est un dispositif exp\u00e9rientiel visant l&rsquo;optimisation totale de ses participants. Ouvert \u00e0 tous et con\u00e7u pour ne laisser aucune place au spectatoriat, il catalyse des actions favorisant l&rsquo;am\u00e9lioration des performances individuelles et<\/p>\n","protected":false},"author":2,"featured_media":2840,"comment_status":"closed","ping_status":"closed","sticky":false,"template":"","format":"standard","meta":{"footnotes":""},"categories":[43],"tags":[],"class_list":["post-2839","post","type-post","status-publish","format-standard","has-post-thumbnail","hentry","category-alumni"],"_links":{"self":[{"href":"https:\/\/blog.artsaucarre.be\/artsnumeriques\/wp-json\/wp\/v2\/posts\/2839","targetHints":{"allow":["GET"]}}],"collection":[{"href":"https:\/\/blog.artsaucarre.be\/artsnumeriques\/wp-json\/wp\/v2\/posts"}],"about":[{"href":"https:\/\/blog.artsaucarre.be\/artsnumeriques\/wp-json\/wp\/v2\/types\/post"}],"author":[{"embeddable":true,"href":"https:\/\/blog.artsaucarre.be\/artsnumeriques\/wp-json\/wp\/v2\/users\/2"}],"replies":[{"embeddable":true,"href":"https:\/\/blog.artsaucarre.be\/artsnumeriques\/wp-json\/wp\/v2\/comments?post=2839"}],"version-history":[{"count":2,"href":"https:\/\/blog.artsaucarre.be\/artsnumeriques\/wp-json\/wp\/v2\/posts\/2839\/revisions"}],"predecessor-version":[{"id":2842,"href":"https:\/\/blog.artsaucarre.be\/artsnumeriques\/wp-json\/wp\/v2\/posts\/2839\/revisions\/2842"}],"wp:featuredmedia":[{"embeddable":true,"href":"https:\/\/blog.artsaucarre.be\/artsnumeriques\/wp-json\/wp\/v2\/media\/2840"}],"wp:attachment":[{"href":"https:\/\/blog.artsaucarre.be\/artsnumeriques\/wp-json\/wp\/v2\/media?parent=2839"}],"wp:term":[{"taxonomy":"category","embeddable":true,"href":"https:\/\/blog.artsaucarre.be\/artsnumeriques\/wp-json\/wp\/v2\/categories?post=2839"},{"taxonomy":"post_tag","embeddable":true,"href":"https:\/\/blog.artsaucarre.be\/artsnumeriques\/wp-json\/wp\/v2\/tags?post=2839"}],"curies":[{"name":"wp","href":"https:\/\/api.w.org\/{rel}","templated":true}]}}