{"id":3479,"date":"2018-03-27T15:00:46","date_gmt":"2018-03-27T14:00:46","guid":{"rendered":"https:\/\/blog.artsaucarre.be\/architecturedinterieur\/?p=3479"},"modified":"2018-03-27T15:04:29","modified_gmt":"2018-03-27T14:04:29","slug":"changement","status":"publish","type":"post","link":"https:\/\/blog.artsaucarre.be\/architecturedinterieur\/2018\/03\/27\/changement\/","title":{"rendered":"! MISE A JOUR !"},"content":{"rendered":"<p>Le blog de l&rsquo;option &#8211; architecture d&rsquo;int\u00e9rieur &#8211; fait peau neuve<\/p>\n<p>Tr\u00e8s bient\u00f4t, (re)d\u00e9couvrez toutes les activit\u00e9s, actualit\u00e9s,&#8230;&#8230;&#8230;&#8230;&#8230;..<\/p>\n","protected":false},"excerpt":{"rendered":"<p>Le blog de l&rsquo;option &#8211; architecture d&rsquo;int\u00e9rieur &#8211; fait peau neuve Tr\u00e8s bient\u00f4t, (re)d\u00e9couvrez toutes les activit\u00e9s, actualit\u00e9s,&#8230;&#8230;&#8230;&#8230;&#8230;..<\/p>\n","protected":false},"author":15,"featured_media":3480,"comment_status":"closed","ping_status":"closed","sticky":false,"template":"","format":"standard","meta":{"footnotes":""},"categories":[1],"tags":[],"class_list":["post-3479","post","type-post","status-publish","format-standard","has-post-thumbnail","hentry","category-activites"],"_links":{"self":[{"href":"https:\/\/blog.artsaucarre.be\/architecturedinterieur\/wp-json\/wp\/v2\/posts\/3479","targetHints":{"allow":["GET"]}}],"collection":[{"href":"https:\/\/blog.artsaucarre.be\/architecturedinterieur\/wp-json\/wp\/v2\/posts"}],"about":[{"href":"https:\/\/blog.artsaucarre.be\/architecturedinterieur\/wp-json\/wp\/v2\/types\/post"}],"author":[{"embeddable":true,"href":"https:\/\/blog.artsaucarre.be\/architecturedinterieur\/wp-json\/wp\/v2\/users\/15"}],"replies":[{"embeddable":true,"href":"https:\/\/blog.artsaucarre.be\/architecturedinterieur\/wp-json\/wp\/v2\/comments?post=3479"}],"version-history":[{"count":4,"href":"https:\/\/blog.artsaucarre.be\/architecturedinterieur\/wp-json\/wp\/v2\/posts\/3479\/revisions"}],"predecessor-version":[{"id":3486,"href":"https:\/\/blog.artsaucarre.be\/architecturedinterieur\/wp-json\/wp\/v2\/posts\/3479\/revisions\/3486"}],"wp:featuredmedia":[{"embeddable":true,"href":"https:\/\/blog.artsaucarre.be\/architecturedinterieur\/wp-json\/wp\/v2\/media\/3480"}],"wp:attachment":[{"href":"https:\/\/blog.artsaucarre.be\/architecturedinterieur\/wp-json\/wp\/v2\/media?parent=3479"}],"wp:term":[{"taxonomy":"category","embeddable":true,"href":"https:\/\/blog.artsaucarre.be\/architecturedinterieur\/wp-json\/wp\/v2\/categories?post=3479"},{"taxonomy":"post_tag","embeddable":true,"href":"https:\/\/blog.artsaucarre.be\/architecturedinterieur\/wp-json\/wp\/v2\/tags?post=3479"}],"curies":[{"name":"wp","href":"https:\/\/api.w.org\/{rel}","templated":true}]}}