{"id":2998,"date":"2016-04-14T08:37:45","date_gmt":"2016-04-14T07:37:45","guid":{"rendered":"https:\/\/blog.artsaucarre.be\/architecturedinterieur\/?p=2998"},"modified":"2016-04-23T11:48:31","modified_gmt":"2016-04-23T10:48:31","slug":"creation-dun-stand-pour-un-designer-belge-2","status":"publish","type":"post","link":"https:\/\/blog.artsaucarre.be\/architecturedinterieur\/2016\/04\/14\/creation-dun-stand-pour-un-designer-belge-2\/","title":{"rendered":"Cr\u00e9ation d&rsquo;un stand pour un designer belge"},"content":{"rendered":"<p><a href=\"https:\/\/blog.artsaucarre.be\/architecturedinterieur\/files\/2016\/04\/P1010957.gif\" rel=\"attachment wp-att-2999\"><img loading=\"lazy\" decoding=\"async\" class=\"alignnone size-medium wp-image-2999\" src=\"https:\/\/blog.artsaucarre.be\/architecturedinterieur\/files\/2016\/04\/P1010957-300x225.gif\" alt=\"P1010957\" width=\"300\" height=\"225\" srcset=\"https:\/\/blog.artsaucarre.be\/architecturedinterieur\/files\/2016\/04\/P1010957-300x225.gif 300w, https:\/\/blog.artsaucarre.be\/architecturedinterieur\/files\/2016\/04\/P1010957-210x158.gif 210w\" sizes=\"auto, (max-width: 300px) 100vw, 300px\" \/><\/a> <a href=\"https:\/\/blog.artsaucarre.be\/architecturedinterieur\/files\/2016\/04\/P1010959.gif\" rel=\"attachment wp-att-3000\"><img loading=\"lazy\" decoding=\"async\" class=\"alignnone size-medium wp-image-3000\" src=\"https:\/\/blog.artsaucarre.be\/architecturedinterieur\/files\/2016\/04\/P1010959-300x133.gif\" alt=\"P1010959\" width=\"300\" height=\"133\" srcset=\"https:\/\/blog.artsaucarre.be\/architecturedinterieur\/files\/2016\/04\/P1010959-300x133.gif 300w, https:\/\/blog.artsaucarre.be\/architecturedinterieur\/files\/2016\/04\/P1010959-210x93.gif 210w\" sizes=\"auto, (max-width: 300px) 100vw, 300px\" \/><\/a> <a href=\"https:\/\/blog.artsaucarre.be\/architecturedinterieur\/files\/2016\/04\/P1010960.gif\" rel=\"attachment wp-att-3001\"><img loading=\"lazy\" decoding=\"async\" class=\"alignnone size-medium wp-image-3001\" src=\"https:\/\/blog.artsaucarre.be\/architecturedinterieur\/files\/2016\/04\/P1010960-300x300.gif\" alt=\"P1010960\" width=\"300\" height=\"300\" srcset=\"https:\/\/blog.artsaucarre.be\/architecturedinterieur\/files\/2016\/04\/P1010960-300x300.gif 300w, https:\/\/blog.artsaucarre.be\/architecturedinterieur\/files\/2016\/04\/P1010960-150x150.gif 150w, https:\/\/blog.artsaucarre.be\/architecturedinterieur\/files\/2016\/04\/P1010960-210x209.gif 210w\" sizes=\"auto, (max-width: 300px) 100vw, 300px\" \/><\/a> <a href=\"https:\/\/blog.artsaucarre.be\/architecturedinterieur\/files\/2016\/04\/P1010961.gif\" rel=\"attachment wp-att-3002\"><img loading=\"lazy\" decoding=\"async\" class=\"alignnone size-medium wp-image-3002\" src=\"https:\/\/blog.artsaucarre.be\/architecturedinterieur\/files\/2016\/04\/P1010961-300x240.gif\" alt=\"P1010961\" width=\"300\" height=\"240\" srcset=\"https:\/\/blog.artsaucarre.be\/architecturedinterieur\/files\/2016\/04\/P1010961-300x240.gif 300w, https:\/\/blog.artsaucarre.be\/architecturedinterieur\/files\/2016\/04\/P1010961-210x168.gif 210w\" sizes=\"auto, (max-width: 300px) 100vw, 300px\" \/><\/a> <a href=\"https:\/\/blog.artsaucarre.be\/architecturedinterieur\/files\/2016\/04\/P1010964.gif\" rel=\"attachment wp-att-3003\"><img loading=\"lazy\" decoding=\"async\" class=\"alignnone size-medium wp-image-3003\" src=\"https:\/\/blog.artsaucarre.be\/architecturedinterieur\/files\/2016\/04\/P1010964-300x225.gif\" alt=\"P1010964\" width=\"300\" height=\"225\" srcset=\"https:\/\/blog.artsaucarre.be\/architecturedinterieur\/files\/2016\/04\/P1010964-300x225.gif 300w, https:\/\/blog.artsaucarre.be\/architecturedinterieur\/files\/2016\/04\/P1010964-210x158.gif 210w\" sizes=\"auto, (max-width: 300px) 100vw, 300px\" \/><\/a> <a href=\"https:\/\/blog.artsaucarre.be\/architecturedinterieur\/files\/2016\/04\/P1010965.gif\" rel=\"attachment wp-att-3004\"><img loading=\"lazy\" decoding=\"async\" class=\"alignnone size-medium wp-image-3004\" src=\"https:\/\/blog.artsaucarre.be\/architecturedinterieur\/files\/2016\/04\/P1010965-300x207.gif\" alt=\"P1010965\" width=\"300\" height=\"207\" srcset=\"https:\/\/blog.artsaucarre.be\/architecturedinterieur\/files\/2016\/04\/P1010965-300x207.gif 300w, https:\/\/blog.artsaucarre.be\/architecturedinterieur\/files\/2016\/04\/P1010965-210x145.gif 210w\" sizes=\"auto, (max-width: 300px) 100vw, 300px\" \/><\/a> <a href=\"https:\/\/blog.artsaucarre.be\/architecturedinterieur\/files\/2016\/04\/P1010967.gif\" rel=\"attachment wp-att-3005\"><img loading=\"lazy\" decoding=\"async\" class=\"alignnone size-medium wp-image-3005\" src=\"https:\/\/blog.artsaucarre.be\/architecturedinterieur\/files\/2016\/04\/P1010967-300x174.gif\" alt=\"P1010967\" width=\"300\" height=\"174\" srcset=\"https:\/\/blog.artsaucarre.be\/architecturedinterieur\/files\/2016\/04\/P1010967-300x174.gif 300w, https:\/\/blog.artsaucarre.be\/architecturedinterieur\/files\/2016\/04\/P1010967-210x122.gif 210w\" sizes=\"auto, (max-width: 300px) 100vw, 300px\" \/><\/a> <a href=\"https:\/\/blog.artsaucarre.be\/architecturedinterieur\/files\/2016\/04\/P1010968.gif\" rel=\"attachment wp-att-3006\"><img loading=\"lazy\" decoding=\"async\" class=\"alignnone size-medium wp-image-3006\" src=\"https:\/\/blog.artsaucarre.be\/architecturedinterieur\/files\/2016\/04\/P1010968-225x300.gif\" alt=\"P1010968\" width=\"225\" height=\"300\" srcset=\"https:\/\/blog.artsaucarre.be\/architecturedinterieur\/files\/2016\/04\/P1010968-225x300.gif 225w, https:\/\/blog.artsaucarre.be\/architecturedinterieur\/files\/2016\/04\/P1010968-210x280.gif 210w\" sizes=\"auto, (max-width: 225px) 100vw, 225px\" \/><\/a> <a href=\"https:\/\/blog.artsaucarre.be\/architecturedinterieur\/files\/2016\/04\/P1010969.gif\" rel=\"attachment wp-att-3007\"><img loading=\"lazy\" decoding=\"async\" class=\"alignnone size-medium wp-image-3007\" src=\"https:\/\/blog.artsaucarre.be\/architecturedinterieur\/files\/2016\/04\/P1010969-300x202.gif\" alt=\"P1010969\" width=\"300\" height=\"202\" srcset=\"https:\/\/blog.artsaucarre.be\/architecturedinterieur\/files\/2016\/04\/P1010969-300x202.gif 300w, https:\/\/blog.artsaucarre.be\/architecturedinterieur\/files\/2016\/04\/P1010969-210x141.gif 210w\" sizes=\"auto, (max-width: 300px) 100vw, 300px\" \/><\/a> <a href=\"https:\/\/blog.artsaucarre.be\/architecturedinterieur\/files\/2016\/04\/P1010970.gif\" rel=\"attachment wp-att-3008\"><img loading=\"lazy\" decoding=\"async\" class=\"alignnone size-medium wp-image-3008\" src=\"https:\/\/blog.artsaucarre.be\/architecturedinterieur\/files\/2016\/04\/P1010970-300x225.gif\" alt=\"P1010970\" width=\"300\" height=\"225\" srcset=\"https:\/\/blog.artsaucarre.be\/architecturedinterieur\/files\/2016\/04\/P1010970-300x225.gif 300w, https:\/\/blog.artsaucarre.be\/architecturedinterieur\/files\/2016\/04\/P1010970-210x158.gif 210w\" sizes=\"auto, (max-width: 300px) 100vw, 300px\" \/><\/a> <a href=\"https:\/\/blog.artsaucarre.be\/architecturedinterieur\/files\/2016\/04\/P1010980.gif\" rel=\"attachment wp-att-3009\"><img loading=\"lazy\" decoding=\"async\" class=\"alignnone size-medium wp-image-3009\" src=\"https:\/\/blog.artsaucarre.be\/architecturedinterieur\/files\/2016\/04\/P1010980-300x212.gif\" alt=\"P1010980\" width=\"300\" height=\"212\" srcset=\"https:\/\/blog.artsaucarre.be\/architecturedinterieur\/files\/2016\/04\/P1010980-300x212.gif 300w, https:\/\/blog.artsaucarre.be\/architecturedinterieur\/files\/2016\/04\/P1010980-210x148.gif 210w\" sizes=\"auto, (max-width: 300px) 100vw, 300px\" \/><\/a><\/p>\n<p><strong>2A) <u>Trouvez et \u00e9tudiez un designer belge<\/u><\/strong><\/p>\n<p><strong>\u00a0<\/strong>Parcours, esprit , fa\u00e7on de travailler, type de mobilier d\u00e9velopp\u00e9,\u2026<\/p>\n<p>Pr\u00e9sentation devant la classe.<\/p>\n<p><strong>2B) <u>Cr\u00e9ation d\u2019un stand <\/u>(h\u00a0: 5m, l\u00a0: 5m, L\u00a0: 10m)<\/strong><\/p>\n<p><em>\u00a0<\/em>Lieu: les salons de design type \u00ab\u00a0la foire du meuble de Milan\u00a0\u00bb en Italie, \u00ab\u00a0Int\u00e9rieur\u00a0\u00bb \u00e0 Courtrai, etc\u2026<\/p>\n<p>Fonctions\u00a0:<\/p>\n<p>&#8211; exposition et mise en sc\u00e8ne d\u2019une partie ou toute la collection du designer choisi.<\/p>\n<p>&#8211; un endroit\/une fa\u00e7on de recevoir des clients<\/p>\n<p>&#8211; une r\u00e9serve (\u00e9chantillons, catalogue, sacs, boissons et nourritures \u00e9ventuels, affaires personnelles des repr\u00e9sentants commerciaux,\u2026)<\/p>\n","protected":false},"excerpt":{"rendered":"<p>2A) Trouvez et \u00e9tudiez un designer belge \u00a0Parcours, esprit , fa\u00e7on de travailler, type de mobilier d\u00e9velopp\u00e9,\u2026 Pr\u00e9sentation devant la classe. 2B) Cr\u00e9ation d\u2019un stand (h\u00a0: 5m, l\u00a0: 5m, L\u00a0: 10m) \u00a0Lieu: les salons de design type \u00ab\u00a0la foire du<\/p>\n","protected":false},"author":15,"featured_media":2999,"comment_status":"closed","ping_status":"closed","sticky":false,"template":"","format":"standard","meta":{"footnotes":""},"categories":[28],"tags":[],"class_list":["post-2998","post","type-post","status-publish","format-standard","has-post-thumbnail","hentry","category-bloc-1"],"_links":{"self":[{"href":"https:\/\/blog.artsaucarre.be\/architecturedinterieur\/wp-json\/wp\/v2\/posts\/2998","targetHints":{"allow":["GET"]}}],"collection":[{"href":"https:\/\/blog.artsaucarre.be\/architecturedinterieur\/wp-json\/wp\/v2\/posts"}],"about":[{"href":"https:\/\/blog.artsaucarre.be\/architecturedinterieur\/wp-json\/wp\/v2\/types\/post"}],"author":[{"embeddable":true,"href":"https:\/\/blog.artsaucarre.be\/architecturedinterieur\/wp-json\/wp\/v2\/users\/15"}],"replies":[{"embeddable":true,"href":"https:\/\/blog.artsaucarre.be\/architecturedinterieur\/wp-json\/wp\/v2\/comments?post=2998"}],"version-history":[{"count":2,"href":"https:\/\/blog.artsaucarre.be\/architecturedinterieur\/wp-json\/wp\/v2\/posts\/2998\/revisions"}],"predecessor-version":[{"id":3088,"href":"https:\/\/blog.artsaucarre.be\/architecturedinterieur\/wp-json\/wp\/v2\/posts\/2998\/revisions\/3088"}],"wp:featuredmedia":[{"embeddable":true,"href":"https:\/\/blog.artsaucarre.be\/architecturedinterieur\/wp-json\/wp\/v2\/media\/2999"}],"wp:attachment":[{"href":"https:\/\/blog.artsaucarre.be\/architecturedinterieur\/wp-json\/wp\/v2\/media?parent=2998"}],"wp:term":[{"taxonomy":"category","embeddable":true,"href":"https:\/\/blog.artsaucarre.be\/architecturedinterieur\/wp-json\/wp\/v2\/categories?post=2998"},{"taxonomy":"post_tag","embeddable":true,"href":"https:\/\/blog.artsaucarre.be\/architecturedinterieur\/wp-json\/wp\/v2\/tags?post=2998"}],"curies":[{"name":"wp","href":"https:\/\/api.w.org\/{rel}","templated":true}]}}