{"id":2493,"date":"2015-02-17T16:04:42","date_gmt":"2015-02-17T15:04:42","guid":{"rendered":"https:\/\/blog.artsaucarre.be\/architecturedinterieur\/?p=2493"},"modified":"2015-02-19T10:07:09","modified_gmt":"2015-02-19T09:07:09","slug":"workshop-totem-mons-2015","status":"publish","type":"post","link":"https:\/\/blog.artsaucarre.be\/architecturedinterieur\/2015\/02\/17\/workshop-totem-mons-2015\/","title":{"rendered":"Workshop &#8211; Totem &#8211; Mons 2015"},"content":{"rendered":"<p>Les \u00e9tudiants de B2 Architecture d&rsquo;int\u00e9rieur et B3 Communication visuelle ont r\u00e9alis\u00e9 ensemble des \u00ab\u00a0totems\u00a0\u00bb.<\/p>\n<p>En vue des fashion week de Mons (Mai 2015), diff\u00e9rents ateliers vont \u00eatre organis\u00e9s \u00e0 divers endroits de la ville.\u00a0La fonction de ces \u00ab\u00a0Totems\u00a0\u00bb est de signaler de fa\u00e7on claire aux visiteurs l&#8217;emplacement de ces ateliers.<\/p>\n<p><a href=\"https:\/\/blog.artsaucarre.be\/architecturedinterieur\/files\/2015\/02\/totem-mareva.jpg\"><img loading=\"lazy\" decoding=\"async\" class=\"alignnone size-full wp-image-2528\" src=\"https:\/\/blog.artsaucarre.be\/architecturedinterieur\/files\/2015\/02\/totem-mareva.jpg\" alt=\"totem-mareva\" width=\"760\" height=\"1009\" srcset=\"https:\/\/blog.artsaucarre.be\/architecturedinterieur\/files\/2015\/02\/totem-mareva.jpg 760w, https:\/\/blog.artsaucarre.be\/architecturedinterieur\/files\/2015\/02\/totem-mareva-225x300.jpg 225w, https:\/\/blog.artsaucarre.be\/architecturedinterieur\/files\/2015\/02\/totem-mareva-210x278.jpg 210w\" sizes=\"auto, (max-width: 760px) 100vw, 760px\" \/><\/a><\/p>\n<p>Mareva Barone, Sarah Dupret (AI), Charlotte Boisdequin, Marie Moreau (CV)<\/p>\n<p><a href=\"https:\/\/blog.artsaucarre.be\/architecturedinterieur\/files\/2015\/02\/totem-alejandrina.jpg\"><img loading=\"lazy\" decoding=\"async\" class=\"alignnone size-full wp-image-2530\" src=\"https:\/\/blog.artsaucarre.be\/architecturedinterieur\/files\/2015\/02\/totem-alejandrina.jpg\" alt=\"totem-alejandrina\" width=\"760\" height=\"515\" srcset=\"https:\/\/blog.artsaucarre.be\/architecturedinterieur\/files\/2015\/02\/totem-alejandrina.jpg 760w, https:\/\/blog.artsaucarre.be\/architecturedinterieur\/files\/2015\/02\/totem-alejandrina-300x203.jpg 300w, https:\/\/blog.artsaucarre.be\/architecturedinterieur\/files\/2015\/02\/totem-alejandrina-210x142.jpg 210w\" sizes=\"auto, (max-width: 760px) 100vw, 760px\" \/><\/a><\/p>\n<p>Alejandrina Orta, Tuba Ozdemir, Marl\u00e8ne Samson (AI), Nicole Pinneros (CV)<\/p>\n<p><a href=\"https:\/\/blog.artsaucarre.be\/architecturedinterieur\/files\/2015\/02\/totem-flore.jpg\"><img loading=\"lazy\" decoding=\"async\" class=\"alignnone size-full wp-image-2531\" src=\"https:\/\/blog.artsaucarre.be\/architecturedinterieur\/files\/2015\/02\/totem-flore.jpg\" alt=\"totem-flore\" width=\"760\" height=\"570\" srcset=\"https:\/\/blog.artsaucarre.be\/architecturedinterieur\/files\/2015\/02\/totem-flore.jpg 760w, https:\/\/blog.artsaucarre.be\/architecturedinterieur\/files\/2015\/02\/totem-flore-300x225.jpg 300w, https:\/\/blog.artsaucarre.be\/architecturedinterieur\/files\/2015\/02\/totem-flore-210x157.jpg 210w\" sizes=\"auto, (max-width: 760px) 100vw, 760px\" \/><\/a>Flore De Longree,<span class=\"Apple-style-span\">\u00a0Florence Hoogstoel (AI),<\/span>\u00a0Valentin Demat, Alexandre Drugmant, \u00a0<span class=\"Apple-style-span\">Audrey Bourrez (CV) \u00a0 \u00a0 \u00a0<\/span><\/p>\n<p><a href=\"https:\/\/blog.artsaucarre.be\/architecturedinterieur\/files\/2015\/02\/totem-manon.jpg\"><img loading=\"lazy\" decoding=\"async\" class=\"alignnone size-large wp-image-2533\" src=\"https:\/\/blog.artsaucarre.be\/architecturedinterieur\/files\/2015\/02\/totem-manon-572x1024.jpg\" alt=\"totem-manon\" width=\"572\" height=\"1024\" srcset=\"https:\/\/blog.artsaucarre.be\/architecturedinterieur\/files\/2015\/02\/totem-manon-572x1024.jpg 572w, https:\/\/blog.artsaucarre.be\/architecturedinterieur\/files\/2015\/02\/totem-manon-167x300.jpg 167w, https:\/\/blog.artsaucarre.be\/architecturedinterieur\/files\/2015\/02\/totem-manon-210x375.jpg 210w, https:\/\/blog.artsaucarre.be\/architecturedinterieur\/files\/2015\/02\/totem-manon.jpg 760w\" sizes=\"auto, (max-width: 572px) 100vw, 572px\" \/><\/a><\/p>\n<p><span class=\"Apple-style-span\">M\u00e9lissa Bajom\u00e9e, Manon Vanleyseele, Guillaume Verkens (AI), Maxime VAn Roy (CV) \u00a0 \u00a0 \u00a0 \u00a0 \u00a0<\/span><\/p>\n","protected":false},"excerpt":{"rendered":"<p>Les \u00e9tudiants de B2 Architecture d&rsquo;int\u00e9rieur et B3 Communication visuelle ont r\u00e9alis\u00e9 ensemble des \u00ab\u00a0totems\u00a0\u00bb. En vue des fashion week de Mons (Mai 2015), diff\u00e9rents ateliers vont \u00eatre organis\u00e9s \u00e0 divers endroits de la ville.\u00a0La fonction de ces \u00ab\u00a0Totems\u00a0\u00bb est<\/p>\n","protected":false},"author":15,"featured_media":2528,"comment_status":"closed","ping_status":"closed","sticky":false,"template":"","format":"standard","meta":{"footnotes":""},"categories":[1],"tags":[],"class_list":["post-2493","post","type-post","status-publish","format-standard","has-post-thumbnail","hentry","category-activites"],"_links":{"self":[{"href":"https:\/\/blog.artsaucarre.be\/architecturedinterieur\/wp-json\/wp\/v2\/posts\/2493","targetHints":{"allow":["GET"]}}],"collection":[{"href":"https:\/\/blog.artsaucarre.be\/architecturedinterieur\/wp-json\/wp\/v2\/posts"}],"about":[{"href":"https:\/\/blog.artsaucarre.be\/architecturedinterieur\/wp-json\/wp\/v2\/types\/post"}],"author":[{"embeddable":true,"href":"https:\/\/blog.artsaucarre.be\/architecturedinterieur\/wp-json\/wp\/v2\/users\/15"}],"replies":[{"embeddable":true,"href":"https:\/\/blog.artsaucarre.be\/architecturedinterieur\/wp-json\/wp\/v2\/comments?post=2493"}],"version-history":[{"count":6,"href":"https:\/\/blog.artsaucarre.be\/architecturedinterieur\/wp-json\/wp\/v2\/posts\/2493\/revisions"}],"predecessor-version":[{"id":2534,"href":"https:\/\/blog.artsaucarre.be\/architecturedinterieur\/wp-json\/wp\/v2\/posts\/2493\/revisions\/2534"}],"wp:featuredmedia":[{"embeddable":true,"href":"https:\/\/blog.artsaucarre.be\/architecturedinterieur\/wp-json\/wp\/v2\/media\/2528"}],"wp:attachment":[{"href":"https:\/\/blog.artsaucarre.be\/architecturedinterieur\/wp-json\/wp\/v2\/media?parent=2493"}],"wp:term":[{"taxonomy":"category","embeddable":true,"href":"https:\/\/blog.artsaucarre.be\/architecturedinterieur\/wp-json\/wp\/v2\/categories?post=2493"},{"taxonomy":"post_tag","embeddable":true,"href":"https:\/\/blog.artsaucarre.be\/architecturedinterieur\/wp-json\/wp\/v2\/tags?post=2493"}],"curies":[{"name":"wp","href":"https:\/\/api.w.org\/{rel}","templated":true}]}}