{"id":2473,"date":"2015-02-17T14:09:09","date_gmt":"2015-02-17T13:09:09","guid":{"rendered":"https:\/\/blog.artsaucarre.be\/architecturedinterieur\/?p=2473"},"modified":"2015-02-18T09:06:37","modified_gmt":"2015-02-18T08:06:37","slug":"chabitat","status":"publish","type":"post","link":"https:\/\/blog.artsaucarre.be\/architecturedinterieur\/2015\/02\/17\/chabitat\/","title":{"rendered":"Chabitat"},"content":{"rendered":"<p><strong>\u00a0\u00a0 Micro architecture pour le chat de\u2026<\/strong><\/p>\n<p>&#8211; Karl Lagerfeld \u2013 Lewis Carol \u2013 Phillippe Geluck \u2013 Colette \u2013 Woody Allen \u2013 Miyazaki \u2013 John Pawson \u2013 Ettore Sottsass \u2013 Ingo Maurer \u2013 Isey Miyake \u2013 Ingvar Kamprad \u2013 Les fr\u00e8res Campana \u2013 Patricia Urquilo \u2013 Gaetano Pesce \u2013 Magritte \u2013 Dali \u2013 Miro \u2013 Bram Bo \u2013 Serge Gainsbourg \u2013 Mondrian &#8211; Charles Bukowski \u2013 Bjork &#8211; Annette Messager \u2013 Richerd Serra \u2013 Donald Judd &#8211;<\/p>\n<p><strong><em>Planning:<\/em><\/strong><\/p>\n<p>Projet-loge de 2 semaines (les 9, 10, 11, 16, 17 &amp; 18 d\u00e9cembre) en atelier et en maquettisme.<\/p>\n<p>1 \u00e8re partie\u00a0: recherche sur le travail, l\u2019univers et l\u2019\u00e9poque du propri\u00e9taire<\/p>\n<p>2 \u00e8me partie\u00a0: &#8211; recherches d\u2019intentions\u00a0: croquis \u00e0 la main (technique au choix)<\/p>\n<p>&#8211; maquettes de recherche en carton\/ papier\/\u2026<\/p>\n<p>3 \u00e8me partie\u00a0: Finalisation du projet\u00a0:<\/p>\n<p>&#8211; maquette 1\/10 dans les mat\u00e9riaux appropri\u00e9s<\/p>\n<p>&#8211; mise en page\/ en place (format au choix) des croquis pour pr\u00e9sentation affich\u00e9e.<\/p>\n<p><strong><em>\u00a0<\/em><\/strong><strong><em>Projet<\/em><\/strong><\/p>\n<p>R\u00e9alisation \u00e0 l\u2019atelier <em>-exclusivement \u00e0 la main et en maquette-<\/em> d\u2019une micro architecture pour chat. Le chat en question est celui de personnalit\u00e9s reconnues dans des domaines divers (litt\u00e9rature, architecture, design, cin\u00e9ma, musique, peinture, mode) et la micro architecture doit refl\u00e9ter les pr\u00e9occupations, l\u2019\u00e9poque ou l\u2019univers de cette personnalit\u00e9.<\/p>\n<p>&nbsp;<\/p>\n<p><strong><a href=\"https:\/\/blog.artsaucarre.be\/architecturedinterieur\/files\/2015\/02\/chabitat1.jpg\"><img loading=\"lazy\" decoding=\"async\" class=\"alignnone size-medium wp-image-2497\" src=\"https:\/\/blog.artsaucarre.be\/architecturedinterieur\/files\/2015\/02\/chabitat1-300x225.jpg\" alt=\"chabitat1\" width=\"300\" height=\"225\" srcset=\"https:\/\/blog.artsaucarre.be\/architecturedinterieur\/files\/2015\/02\/chabitat1-300x225.jpg 300w, https:\/\/blog.artsaucarre.be\/architecturedinterieur\/files\/2015\/02\/chabitat1-210x157.jpg 210w, https:\/\/blog.artsaucarre.be\/architecturedinterieur\/files\/2015\/02\/chabitat1.jpg 760w\" sizes=\"auto, (max-width: 300px) 100vw, 300px\" \/><\/a><\/strong> Annette Messager par Julie Ronchi<\/p>\n<p><strong><a href=\"https:\/\/blog.artsaucarre.be\/architecturedinterieur\/files\/2015\/02\/woody1.jpg\"><img loading=\"lazy\" decoding=\"async\" class=\"alignnone size-medium wp-image-2500\" src=\"https:\/\/blog.artsaucarre.be\/architecturedinterieur\/files\/2015\/02\/woody1-225x300.jpg\" alt=\"woody1\" width=\"225\" height=\"300\" srcset=\"https:\/\/blog.artsaucarre.be\/architecturedinterieur\/files\/2015\/02\/woody1-225x300.jpg 225w, https:\/\/blog.artsaucarre.be\/architecturedinterieur\/files\/2015\/02\/woody1-210x279.jpg 210w, https:\/\/blog.artsaucarre.be\/architecturedinterieur\/files\/2015\/02\/woody1.jpg 760w\" sizes=\"auto, (max-width: 225px) 100vw, 225px\" \/><\/a><\/strong><strong><a href=\"https:\/\/blog.artsaucarre.be\/architecturedinterieur\/files\/2015\/02\/wody2.jpg\"> <img loading=\"lazy\" decoding=\"async\" class=\"alignnone size-medium wp-image-2501\" src=\"https:\/\/blog.artsaucarre.be\/architecturedinterieur\/files\/2015\/02\/wody2-300x217.jpg\" alt=\"wody2\" width=\"300\" height=\"217\" srcset=\"https:\/\/blog.artsaucarre.be\/architecturedinterieur\/files\/2015\/02\/wody2-300x217.jpg 300w, https:\/\/blog.artsaucarre.be\/architecturedinterieur\/files\/2015\/02\/wody2-210x152.jpg 210w, https:\/\/blog.artsaucarre.be\/architecturedinterieur\/files\/2015\/02\/wody2.jpg 760w\" sizes=\"auto, (max-width: 300px) 100vw, 300px\" \/><\/a><\/strong> Woody Allen par Olga Viala<\/p>\n<p><strong><a href=\"https:\/\/blog.artsaucarre.be\/architecturedinterieur\/files\/2015\/02\/alejandrina1.jpg\"><img loading=\"lazy\" decoding=\"async\" class=\"alignnone size-medium wp-image-2503\" src=\"https:\/\/blog.artsaucarre.be\/architecturedinterieur\/files\/2015\/02\/alejandrina1-300x225.jpg\" alt=\"alejandrina1\" width=\"300\" height=\"225\" srcset=\"https:\/\/blog.artsaucarre.be\/architecturedinterieur\/files\/2015\/02\/alejandrina1-300x225.jpg 300w, https:\/\/blog.artsaucarre.be\/architecturedinterieur\/files\/2015\/02\/alejandrina1-210x157.jpg 210w, https:\/\/blog.artsaucarre.be\/architecturedinterieur\/files\/2015\/02\/alejandrina1.jpg 760w\" sizes=\"auto, (max-width: 300px) 100vw, 300px\" \/><\/a><\/strong><strong><a href=\"https:\/\/blog.artsaucarre.be\/architecturedinterieur\/files\/2015\/02\/alejandrina2.jpg\"> <img loading=\"lazy\" decoding=\"async\" class=\"alignnone size-medium wp-image-2504\" src=\"https:\/\/blog.artsaucarre.be\/architecturedinterieur\/files\/2015\/02\/alejandrina2-300x225.jpg\" alt=\"alejandrina2\" width=\"300\" height=\"225\" srcset=\"https:\/\/blog.artsaucarre.be\/architecturedinterieur\/files\/2015\/02\/alejandrina2-300x225.jpg 300w, https:\/\/blog.artsaucarre.be\/architecturedinterieur\/files\/2015\/02\/alejandrina2-210x157.jpg 210w, https:\/\/blog.artsaucarre.be\/architecturedinterieur\/files\/2015\/02\/alejandrina2.jpg 760w\" sizes=\"auto, (max-width: 300px) 100vw, 300px\" \/><\/a><\/strong><\/p>\n<p><strong><a href=\"https:\/\/blog.artsaucarre.be\/architecturedinterieur\/files\/2015\/02\/alejandrina3.jpg\"><img loading=\"lazy\" decoding=\"async\" class=\"alignnone size-medium wp-image-2505\" src=\"https:\/\/blog.artsaucarre.be\/architecturedinterieur\/files\/2015\/02\/alejandrina3-300x225.jpg\" alt=\"alejandrina3\" width=\"300\" height=\"225\" srcset=\"https:\/\/blog.artsaucarre.be\/architecturedinterieur\/files\/2015\/02\/alejandrina3-300x225.jpg 300w, https:\/\/blog.artsaucarre.be\/architecturedinterieur\/files\/2015\/02\/alejandrina3-210x157.jpg 210w, https:\/\/blog.artsaucarre.be\/architecturedinterieur\/files\/2015\/02\/alejandrina3.jpg 760w\" sizes=\"auto, (max-width: 300px) 100vw, 300px\" \/><\/a><\/strong> Miyazaki par Alejandrina Orta<\/p>\n","protected":false},"excerpt":{"rendered":"<p>\u00a0\u00a0 Micro architecture pour le chat de\u2026 &#8211; Karl Lagerfeld \u2013 Lewis Carol \u2013 Phillippe Geluck \u2013 Colette \u2013 Woody Allen \u2013 Miyazaki \u2013 John Pawson \u2013 Ettore Sottsass \u2013 Ingo Maurer \u2013 Isey Miyake \u2013 Ingvar Kamprad \u2013 Les<\/p>\n","protected":false},"author":15,"featured_media":2497,"comment_status":"closed","ping_status":"closed","sticky":false,"template":"","format":"standard","meta":{"footnotes":""},"categories":[22],"tags":[],"class_list":["post-2473","post","type-post","status-publish","format-standard","has-post-thumbnail","hentry","category-bac-2-projets-2014-2015"],"_links":{"self":[{"href":"https:\/\/blog.artsaucarre.be\/architecturedinterieur\/wp-json\/wp\/v2\/posts\/2473","targetHints":{"allow":["GET"]}}],"collection":[{"href":"https:\/\/blog.artsaucarre.be\/architecturedinterieur\/wp-json\/wp\/v2\/posts"}],"about":[{"href":"https:\/\/blog.artsaucarre.be\/architecturedinterieur\/wp-json\/wp\/v2\/types\/post"}],"author":[{"embeddable":true,"href":"https:\/\/blog.artsaucarre.be\/architecturedinterieur\/wp-json\/wp\/v2\/users\/15"}],"replies":[{"embeddable":true,"href":"https:\/\/blog.artsaucarre.be\/architecturedinterieur\/wp-json\/wp\/v2\/comments?post=2473"}],"version-history":[{"count":5,"href":"https:\/\/blog.artsaucarre.be\/architecturedinterieur\/wp-json\/wp\/v2\/posts\/2473\/revisions"}],"predecessor-version":[{"id":2506,"href":"https:\/\/blog.artsaucarre.be\/architecturedinterieur\/wp-json\/wp\/v2\/posts\/2473\/revisions\/2506"}],"wp:featuredmedia":[{"embeddable":true,"href":"https:\/\/blog.artsaucarre.be\/architecturedinterieur\/wp-json\/wp\/v2\/media\/2497"}],"wp:attachment":[{"href":"https:\/\/blog.artsaucarre.be\/architecturedinterieur\/wp-json\/wp\/v2\/media?parent=2473"}],"wp:term":[{"taxonomy":"category","embeddable":true,"href":"https:\/\/blog.artsaucarre.be\/architecturedinterieur\/wp-json\/wp\/v2\/categories?post=2473"},{"taxonomy":"post_tag","embeddable":true,"href":"https:\/\/blog.artsaucarre.be\/architecturedinterieur\/wp-json\/wp\/v2\/tags?post=2473"}],"curies":[{"name":"wp","href":"https:\/\/api.w.org\/{rel}","templated":true}]}}